{"id":10731,"date":"2018-03-07T17:41:39","date_gmt":"2018-03-07T20:41:39","guid":{"rendered":"https:\/\/blogs.correiobraziliense.com.br\/cbpoder\/?p=10731"},"modified":"2018-03-07T18:02:33","modified_gmt":"2018-03-07T21:02:33","slug":"gdf-e-condenado-r-10-milhoes-por-criancas-no-lixao-da-estrutural","status":"publish","type":"post","link":"https:\/\/blogs.correiobraziliense.com.br\/cbpoder\/gdf-e-condenado-r-10-milhoes-por-criancas-no-lixao-da-estrutural\/","title":{"rendered":"GDF \u00e9 condenado a R$ 10 milh\u00f5es por crian\u00e7as no Lix\u00e3o da Estrutural"},"content":{"rendered":"<p class=\"m_3896113849228466264gmail-western\" align=\"left\"><em class=\"m_3896113849228466264gmail-western\"><span style=\"color: #000000\"><span style=\"font-family: Arial, sans-serif\"><span lang=\"pt-BR\">Bruno Lima<\/span><\/span><\/span><\/em><\/p>\n<p class=\"m_3896113849228466264gmail-western\" align=\"left\"><em class=\"m_3896113849228466264gmail-western\"><span style=\"color: #000000\"><span style=\"font-family: Arial, sans-serif\"><span lang=\"pt-BR\">O <\/span><\/span><\/span><\/em><em class=\"m_3896113849228466264gmail-western\"><span style=\"color: #000000\"><span style=\"font-family: Arial, sans-serif\"><span lang=\"pt-BR\">Tribunal Regional do Trabalho da 10\u00aa Regi\u00e3o (TRT-10) condenou o <\/span><\/span><\/span><\/em><em class=\"m_3896113849228466264gmail-western\"><span style=\"color: #000000\"><span style=\"font-family: Arial, sans-serif\"><span lang=\"pt-BR\">Governo do DF <\/span><\/span><\/span><\/em><em class=\"m_3896113849228466264gmail-western\"><span style=\"color: #000000\"><span style=\"font-family: Arial, sans-serif\"><span lang=\"pt-BR\">ao pagamento de indeniza\u00e7\u00e3o no valor de<\/span><\/span><\/span><\/em><em class=\"m_3896113849228466264gmail-western\"><span style=\"color: #000000\"><span style=\"font-family: Arial, sans-serif\"><span lang=\"pt-BR\"> R$ 10 milh\u00f5es por <\/span><\/span><\/span><\/em><em class=\"m_3896113849228466264gmail-western\"><span style=\"color: #000000\"><span style=\"font-family: Arial, sans-serif\"><span lang=\"pt-BR\">dano<\/span><\/span><\/span><\/em> <em class=\"m_3896113849228466264gmail-western\"><span style=\"color: #000000\"><span style=\"font-family: Arial, sans-serif\"><span lang=\"pt-BR\">coletivo relativo a <\/span><\/span><\/span><\/em><em class=\"m_3896113849228466264gmail-western\"><span style=\"color: #000000\"><span style=\"font-family: Arial, sans-serif\"><span lang=\"pt-BR\">presen\u00e7a de crian\u00e7as <\/span><\/span><\/span><\/em><em class=\"m_3896113849228466264gmail-western\"><span style=\"color: #000000\"><span style=\"font-family: Arial, sans-serif\"><span lang=\"pt-BR\">no Lix\u00e3o da Estrutural. <\/span><\/span><\/span><\/em><em class=\"m_3896113849228466264gmail-western\"><span style=\"color: #000000\"><span style=\"font-family: Arial, sans-serif\"><span lang=\"pt-BR\">A decis\u00e3o da ju\u00edza Naiana Carapeba Nery de Oliveira ainda condenou o Servi\u00e7o de Limpeza Urbana (SLU) em R$ 5 milh\u00f5es , a Valor Ambiental Ltda. em R$ 3,5 milh\u00f5es e a Quebec Constru\u00e7\u00f5es e Tecnologia em R$ 1 milh\u00e3o.\u00a0<\/span><\/span><\/span><\/em><\/p>\n<p class=\"m_3896113849228466264gmail-western\" align=\"left\"><em class=\"m_3896113849228466264gmail-western\"><span style=\"color: #000000\"><span style=\"font-family: Arial, sans-serif\"><span lang=\"pt-BR\">Em 2012, o Minist\u00e9rio P\u00fablico do Trabalho entrou com uma a\u00e7\u00e3o civil p\u00fablica na Justi\u00e7a do trabalho pedindo que o GDF adotasse medidas para proibir o <\/span><\/span><\/span><\/em><em class=\"m_3896113849228466264gmail-western\"><span style=\"color: #000000\"><span style=\"font-family: Arial, sans-serif\"><span lang=\"pt-BR\">acesso de crian\u00e7as e adolescentes\u00a0<\/span><\/span><\/span><\/em><em class=\"m_3896113849228466264gmail-western\"><span style=\"color: #000000\"><span style=\"font-family: Arial, sans-serif\"><span lang=\"pt-BR\">no Lix\u00e3o. Na a\u00e7\u00e3o, os promotores alegaram que, durante visitas ao local, constaram a presen\u00e7a de \u201ccrian\u00e7as e adolescentes acompanhando seus pais, que s\u00e3o catadores de material recicl\u00e1vel, por n\u00e3o terem local para ficar (creches e escolas), enquanto outros frequentam o local desacompanhados, buscando material que possa ser trocado por entorpecentes ou refugiam-se ali para a promo\u00e7\u00e3o de atividades criminosas (como tr\u00e1fico de drogas, furtos, roubos e, ainda, a exposi\u00e7\u00e3o \u00e0 explora\u00e7\u00e3o sexual)\u201d.<\/span><\/span><\/span><\/em><\/p>\n<p class=\"m_3896113849228466264gmail-western\" align=\"left\"><em class=\"m_3896113849228466264gmail-western\"><span style=\"color: #000000\"><span style=\"font-family: Arial, sans-serif\"><span lang=\"pt-BR\">Os promotores pediram tamb\u00e9m a instala\u00e7\u00e3o de sistema de vigil\u00e2ncia interna com c\u00e2meras de seguran\u00e7a para identificar as crian\u00e7as no local. <\/span><\/span><\/span><\/em><em class=\"m_3896113849228466264gmail-western\"><span style=\"color: #000000\"><span style=\"font-family: Arial, sans-serif\"><span lang=\"pt-BR\">O Governo do Distrito Federal \u00a0\u00e0 \u00e9poca se defendeu com o princ\u00edpio \u201cda reserva do poss\u00edvel\u201d, <\/span><\/span><\/span><\/em><em class=\"m_3896113849228466264gmail-western\"><span style=\"color: #000000\"><span style=\"font-family: Arial, sans-serif\"><span lang=\"pt-BR\">afirmando<\/span><\/span><\/span><\/em><em class=\"m_3896113849228466264gmail-western\"><span style=\"color: #000000\"><span style=\"font-family: Arial, sans-serif\"><span lang=\"pt-BR\"> que n\u00e3o se pode condenar o Distrito Federal ao \u201cimposs\u00edvel\u201d. O atual governo desativou o Lix\u00e3o da Estrutural.\u00a0<\/span><\/span><\/span><\/em><\/p>\n<p class=\"m_3896113849228466264gmail-western\" align=\"left\"><em class=\"m_3896113849228466264gmail-western\"><span style=\"color: #000000\"><span style=\"font-family: Arial, sans-serif\"><span lang=\"pt-BR\">Na decis\u00e3o, a ju\u00edza destacou que \u201cs<\/span><\/span><\/span><\/em><em class=\"m_3896113849228466264gmail-western\"><span style=\"color: #000000\"><span style=\"font-family: Arial, sans-serif\"><span lang=\"pt-BR\">\u00e3o invocadas obriga\u00e7\u00f5es de implementa\u00e7\u00e3o de pol\u00edticas p\u00fablicas pr\u00f3prias pelo <\/span><\/span><\/span><\/em><em class=\"m_3896113849228466264gmail-western\"><span style=\"color: #000000\"><span style=\"font-family: Arial, sans-serif\"><span lang=\"pt-BR\">Distrito Federal<\/span><\/span><\/span><\/em><em class=\"m_3896113849228466264gmail-western\"><span style=\"color: #000000\"><span style=\"font-family: Arial, sans-serif\"><span lang=\"pt-BR\">, a envolver quest\u00f5es de seguran\u00e7a, de educa\u00e7\u00e3o, de pol\u00edticas assistenciais direcionadas aos catadores de lixo e suas fam\u00edlias\u201d.<\/span><\/span><\/span><\/em><\/p>\n<p class=\"m_3896113849228466264gmail-western\" align=\"left\"><em class=\"m_3896113849228466264gmail-western\"><span style=\"color: #000000\"><span style=\"font-family: Arial, sans-serif\"><span lang=\"pt-BR\">Oliveira tamb\u00e9m considerou que tanto o GDF, como o SLU, n\u00e3o \u201c<\/span><\/span><\/span><\/em><em class=\"m_3896113849228466264gmail-western\"><span style=\"color: #000000\"><span style=\"font-family: Arial, sans-serif\"><span lang=\"pt-BR\">desenvolveram medidas suficientes a evitar o acesso ao ambiente do Aterro da Estrutural\/Lix\u00e3o da Estrutural por menores, acarretando, assim, grave viola\u00e7\u00e3o aos direitos e garantias fundamentais destes menores\u201d.<\/span><\/span><\/span><\/em><\/p>\n<p class=\"m_3896113849228466264gmail-western\" align=\"left\"><em class=\"m_3896113849228466264gmail-western\"><span style=\"color: #000000\"><span style=\"font-family: Arial, sans-serif\"><span lang=\"pt-BR\">De acordo com a ju\u00edza, as empresas contratadas para a execu\u00e7\u00e3o e a opera\u00e7\u00e3o do aterro tamb\u00e9m deveriam ser responsabilizadas. \u201c\u00c9<\/span><\/span><\/span><\/em><em class=\"m_3896113849228466264gmail-western\"><span style=\"color: #000000\"><span style=\"font-family: Arial, sans-serif\"><span lang=\"pt-BR\"> for\u00e7oso concluir que a responsabilidade n\u00e3o \u00e9 apenas do <\/span><\/span><\/span><\/em><em class=\"m_3896113849228466264gmail-western\"><span style=\"color: #000000\"><span style=\"font-family: Arial, sans-serif\"><span lang=\"pt-BR\">DF<\/span><\/span><\/span><\/em><em class=\"m_3896113849228466264gmail-western\"><span style=\"color: #000000\"><span style=\"font-family: Arial, sans-serif\"><span lang=\"pt-BR\">, nem apenas do SLU, como tamb\u00e9m das contratadas V<\/span><\/span><\/span><\/em><em class=\"m_3896113849228466264gmail-western\"><span style=\"color: #000000\"><span style=\"font-family: Arial, sans-serif\"><span lang=\"pt-BR\">alor Ambiental LTDA.<\/span><\/span><\/span><\/em><em class=\"m_3896113849228466264gmail-western\"><span style=\"color: #000000\"><span style=\"font-family: Arial, sans-serif\"><span lang=\"pt-BR\"> e <\/span><\/span><\/span><\/em><em class=\"m_3896113849228466264gmail-western\"><span style=\"color: #000000\"><span style=\"font-family: Arial, sans-serif\"><span lang=\"pt-BR\">Quebec Contru\u00e7\u00f5es e Tecnologia Ambiental<\/span><\/span><\/span><\/em><em class=\"m_3896113849228466264gmail-western\"><span style=\"color: #000000\"><span style=\"font-family: Arial, sans-serif\"><span lang=\"pt-BR\"> S\/A., todos absolutamente incompetentes na tarefa mais b\u00e1sica de evitar a presen\u00e7a de menores no Aterro da Estrutural\/Lix\u00e3o da Estrutural\u201d, <\/span><\/span><\/span><\/em><em class=\"m_3896113849228466264gmail-western\"><span style=\"color: #000000\"><span style=\"font-family: Arial, sans-serif\"><span lang=\"pt-BR\">ressaltou<\/span><\/span><\/span><\/em><em class=\"m_3896113849228466264gmail-western\"><span style=\"color: #000000\"><span style=\"font-family: Arial, sans-serif\"><span lang=\"pt-BR\">.<\/span><\/span><\/span><\/em><\/p>\n<p class=\"m_3896113849228466264gmail-western\" align=\"left\"><em class=\"m_3896113849228466264gmail-western\"><span style=\"color: #000000\"><span style=\"font-family: Arial, sans-serif\"><span lang=\"pt-BR\">A magistrada ainda re<\/span><\/span><\/span><\/em><em class=\"m_3896113849228466264gmail-western\"><span style=\"color: #000000\"><span style=\"font-family: Arial, sans-serif\"><span lang=\"pt-BR\">quer que o valor seja destinado \u00e0s entidades de interesse social que cuidem da qualifica\u00e7\u00e3o de trabalhadores, especialmente de catadores de lixo, e \u00e0s institui\u00e7\u00f5es de caridade e abrigos que cuidem de crian\u00e7as e adolescentes.<\/span><\/span><\/span><\/em><\/p>\n<p class=\"m_3896113849228466264gmail-western\" align=\"left\"><em class=\"m_3896113849228466264gmail-western\"><span style=\"color: #000000\"><span style=\"font-family: Arial, sans-serif\"><span lang=\"pt-BR\">Por ser uma decis\u00e3o de primeira inst\u00e2ncia, cabe recurso.\u00a0<\/span><\/span><\/span><\/em><\/p>\n<p class=\"m_3896113849228466264gmail-western\" align=\"left\">Em nota, o SLU afirmou que ir\u00e1 recorrer e afirmou que tomou todas as provid\u00eancias dentro de suas atribui\u00e7\u00f5es para evitar a presen\u00e7a de crian\u00e7as e de seus pais na \u00e1rea durante todo o processo de fechamento do lix\u00e3o.<\/p>\n","protected":false},"excerpt":{"rendered":"<p>Bruno Lima O Tribunal Regional do Trabalho da 10\u00aa Regi\u00e3o (TRT-10) condenou o Governo do DF ao pagamento de indeniza\u00e7\u00e3o no valor de R$ 10 milh\u00f5es por dano coletivo relativo a presen\u00e7a de crian\u00e7as no Lix\u00e3o da Estrutural. A decis\u00e3o da ju\u00edza Naiana Carapeba Nery de Oliveira ainda condenou o Servi\u00e7o de Limpeza Urbana (SLU) em R$ 5 milh\u00f5es , [&hellip;]<\/p>\n","protected":false},"author":9,"featured_media":10733,"comment_status":"open","ping_status":"closed","sticky":false,"template":"","format":"standard","meta":{"footnotes":""},"categories":[234],"tags":[],"class_list":["post-10731","post","type-post","status-publish","format-standard","has-post-thumbnail","hentry","category-cb-poder"],"_links":{"self":[{"href":"https:\/\/blogs.correiobraziliense.com.br\/cbpoder\/wp-json\/wp\/v2\/posts\/10731","targetHints":{"allow":["GET"]}}],"collection":[{"href":"https:\/\/blogs.correiobraziliense.com.br\/cbpoder\/wp-json\/wp\/v2\/posts"}],"about":[{"href":"https:\/\/blogs.correiobraziliense.com.br\/cbpoder\/wp-json\/wp\/v2\/types\/post"}],"author":[{"embeddable":true,"href":"https:\/\/blogs.correiobraziliense.com.br\/cbpoder\/wp-json\/wp\/v2\/users\/9"}],"replies":[{"embeddable":true,"href":"https:\/\/blogs.correiobraziliense.com.br\/cbpoder\/wp-json\/wp\/v2\/comments?post=10731"}],"version-history":[{"count":2,"href":"https:\/\/blogs.correiobraziliense.com.br\/cbpoder\/wp-json\/wp\/v2\/posts\/10731\/revisions"}],"predecessor-version":[{"id":10734,"href":"https:\/\/blogs.correiobraziliense.com.br\/cbpoder\/wp-json\/wp\/v2\/posts\/10731\/revisions\/10734"}],"wp:featuredmedia":[{"embeddable":true,"href":"https:\/\/blogs.correiobraziliense.com.br\/cbpoder\/wp-json\/wp\/v2\/media\/10733"}],"wp:attachment":[{"href":"https:\/\/blogs.correiobraziliense.com.br\/cbpoder\/wp-json\/wp\/v2\/media?parent=10731"}],"wp:term":[{"taxonomy":"category","embeddable":true,"href":"https:\/\/blogs.correiobraziliense.com.br\/cbpoder\/wp-json\/wp\/v2\/categories?post=10731"},{"taxonomy":"post_tag","embeddable":true,"href":"https:\/\/blogs.correiobraziliense.com.br\/cbpoder\/wp-json\/wp\/v2\/tags?post=10731"}],"curies":[{"name":"wp","href":"https:\/\/api.w.org\/{rel}","templated":true}]}}