{"id":10727,"date":"2018-03-07T17:12:18","date_gmt":"2018-03-07T20:12:18","guid":{"rendered":"https:\/\/blogs.correiobraziliense.com.br\/cbpoder\/?p=10727"},"modified":"2018-03-07T17:12:18","modified_gmt":"2018-03-07T20:12:18","slug":"ptb-lanca-a-pre-candidatura-de-alirio-neto-ao-buriti","status":"publish","type":"post","link":"https:\/\/blogs.correiobraziliense.com.br\/cbpoder\/ptb-lanca-a-pre-candidatura-de-alirio-neto-ao-buriti\/","title":{"rendered":"PTB lan\u00e7a a pr\u00e9-candidatura de Al\u00edrio Neto ao Buriti"},"content":{"rendered":"<p>ANA VIRIATO<br \/>\nEm um evento repleto de figuras do meio pol\u00edtico e representantes de sindicatos da seguran\u00e7a p\u00fablica, o PTB lan\u00e7ou, nesta quarta-feira (07\/03), a pr\u00e9-candidatura do ex-presidente da C\u00e2mara Legislativa Al\u00edrio Neto ao Pal\u00e1cio do Buriti. Presidente regional da sigla, ele trabalha na constru\u00e7\u00e3o de uma frente de centro-direita, em oposi\u00e7\u00e3o ao governador Rodrigo Rollemberg (PSB).<\/p>\n<p>Em meio ao racha do grupo pol\u00edtico com ra\u00edzes nas gest\u00f5es de Jos\u00e9 Roberto Arruda e Joaquim Roriz, o petebista garantiu que a pr\u00e9-candidatura trata-se de uma op\u00e7\u00e3o e, n\u00e3o, imposi\u00e7\u00e3o. &#8220;Venho para somar. A iniciativa n\u00e3o \u00e9 algo com intransig\u00eancia, mas com hist\u00f3ria de constru\u00e7\u00e3o de pontes. Queremos todos unidos, mas temos o direito de colocar nossos nomes para o debate&#8221;, frisou.<\/p>\n<p>Participaram da cerim\u00f4nia no Centro Internacional de Conven\u00e7\u00f5es do Brasil (CICB) o ex-vice-governador Paulo Oct\u00e1vio (PP); o vice-governador Renato Santana (PSD); os deputados federais Rog\u00e9rio Rosso (PSD), Izalci Lucas (PSDB) e Cristiane Brasil (PTB-RJ); os distritais Raimundo Ribeiro (PPS), Wellington Luiz (MDB) e Cl\u00e1udio Abrantes (sem partido); a ex-distrital Eliana Pedrosa (Podemos); o senador H\u00e9lio Jos\u00e9 (Pros); e o presidente regional do PRB, Wanderley Tavares.<\/p>\n<p>O presidente do PTB, Roberto Jefferson, n\u00e3o compareceu ao evento, por conta de um falecimento na fam\u00edlia. Ainda assim, o petebista gravou um v\u00eddeo para assegurar o apoio da legenda \u00e0 campanha de Al\u00edrio. &#8220;Foi uma candidatura trabalhada em meu gabinete. Vou fazer total esfor\u00e7o e me dedicar para vencermos. Al\u00edrio tem \u00e0 disposi\u00e7\u00e3o o apoio e a estrutura do PTB nacional&#8221;, garantiu.<\/p>\n<p>Filha de Roberto, a deputada federal Cristiane Brasil (PTB-RJ) engrossou o coro. &#8220;Vim para refor\u00e7ar a fala do meu pai. Al\u00edrio ser\u00e1 nosso candidato e governador do Distrito Federal&#8221;, encorajou antes de deixar o local para voltar \u00e0 C\u00e2mara dos Deputados.<\/p>\n<p>Frente de oposi\u00e7\u00e3o<\/p>\n<p>Pr\u00e9-candidatos ao Buriti parabenizaram e prestigiaram Al\u00edrio Neto, mas deixaram claro que continuam no p\u00e1reo. Presidente regional do PSDB, Izalci Lucas usou o espa\u00e7o para afirmar que a sigla &#8220;n\u00e3o estar\u00e1, sob nenhuma hip\u00f3tese, ao lado de Rollemberg nas elei\u00e7\u00f5es&#8221; e para alfinetar o chefe do Executivo local. &#8220;N\u00e3o podemos admitir a chance de reelei\u00e7\u00e3o do governo. Um homem que, em vez de cuidar da cidade, trabalha na reelei\u00e7\u00e3o, buscando cooptar partidos no \u00e2mbito nacional, sem respeitar os integrantes do DF&#8221;, cutucou sobre as investidas do socialista na aproxima\u00e7\u00e3o com PSDB e PPS.<\/p>\n<p>\u00c0 frente do Podemos-DF, Eliana Pedrosa alegou que o lan\u00e7amento da pr\u00e9-candidatura de Al\u00edrio impulsiona os demais postulantes ao Executivo local. &#8220;Far\u00e1 com que todos n\u00f3s, candidatos, estudemos mais, trabalhemos mais e procuremos mostrar algo do que o DF se orgulhe. Temos muita nomes bons. Tenho certeza que caminharemos com lealdade e respeito&#8221;, pontuou.<\/p>\n<p>Pr\u00e9-candidato a um cargo majorit\u00e1rio, Paulo Oct\u00e1vio ressaltou n\u00e3o saber quais ser\u00e3o as composi\u00e7\u00f5es do PP para a disputa eleitoral, mas homenageou o petebista. &#8220;N\u00e3o sei o caminho que o partido tomar\u00e1. Temos as dificuldades das coliga\u00e7\u00f5es. Mas quero deixar claro que voc\u00ea tem todas as condi\u00e7\u00f5es de governar com compet\u00eancia e muito trabalho nossa cidade&#8221;.<\/p>\n<p>Apesar de presidir um partido que comp\u00f5e o governo, Wanderley Tavares (PRB) acentuou que o partido caminhar\u00e1 ao lado de Al\u00edrio Neto, condi\u00e7\u00e3o que sinaliza o desembarque da base aliada a Rollemberg. Vice-governador, Renato Santana (PSD) alegou que escolheu um lado e vai &#8220;caminhar nas ruas para corrigir o erro de 2014&#8221;, disse referindo-se ao chefe do Buriti.<\/p>\n<p>Refor\u00e7o de entidades da seguran\u00e7a p\u00fablica<\/p>\n<p>Nas vezes em que se elegeu deputado federal e distrital, o policial Al\u00edrio Neto contou com uma base formada por sindicatos ligados \u00e0 seguran\u00e7a p\u00fablica. Os representantes das entidades voltaram a demonstrar apoio ao ex-presidente do Legislativo local.<\/p>\n<p>Presidente do Sindicato dos Delegados de Pol\u00edcia Civil do DF (Sindepo), Rafael Sampaio sentou \u00e0 mesa ao lado de Al\u00edrio e o parabenizou. A rela\u00e7\u00e3o de Rollemberg com a categoria, por outro lado, est\u00e1 desgastada. Os policiais reivindicam a manuten\u00e7\u00e3o da paridade salarial com a Pol\u00edcia Federal, por meio de um reajuste de 37%.<\/p>\n","protected":false},"excerpt":{"rendered":"<p>ANA VIRIATO Em um evento repleto de figuras do meio pol\u00edtico e representantes de sindicatos da seguran\u00e7a p\u00fablica, o PTB lan\u00e7ou, nesta quarta-feira (07\/03), a pr\u00e9-candidatura do ex-presidente da C\u00e2mara Legislativa Al\u00edrio Neto ao Pal\u00e1cio do Buriti. Presidente regional da sigla, ele trabalha na constru\u00e7\u00e3o de uma frente de centro-direita, em oposi\u00e7\u00e3o ao governador Rodrigo Rollemberg (PSB). Em meio ao [&hellip;]<\/p>\n","protected":false},"author":9,"featured_media":10728,"comment_status":"open","ping_status":"closed","sticky":false,"template":"","format":"standard","meta":{"footnotes":""},"categories":[234],"tags":[694,16,1163,945],"class_list":["post-10727","post","type-post","status-publish","format-standard","has-post-thumbnail","hentry","category-cb-poder","tag-alirio-neto","tag-gdf","tag-pre-candidatura","tag-ptb"],"_links":{"self":[{"href":"https:\/\/blogs.correiobraziliense.com.br\/cbpoder\/wp-json\/wp\/v2\/posts\/10727","targetHints":{"allow":["GET"]}}],"collection":[{"href":"https:\/\/blogs.correiobraziliense.com.br\/cbpoder\/wp-json\/wp\/v2\/posts"}],"about":[{"href":"https:\/\/blogs.correiobraziliense.com.br\/cbpoder\/wp-json\/wp\/v2\/types\/post"}],"author":[{"embeddable":true,"href":"https:\/\/blogs.correiobraziliense.com.br\/cbpoder\/wp-json\/wp\/v2\/users\/9"}],"replies":[{"embeddable":true,"href":"https:\/\/blogs.correiobraziliense.com.br\/cbpoder\/wp-json\/wp\/v2\/comments?post=10727"}],"version-history":[{"count":2,"href":"https:\/\/blogs.correiobraziliense.com.br\/cbpoder\/wp-json\/wp\/v2\/posts\/10727\/revisions"}],"predecessor-version":[{"id":10730,"href":"https:\/\/blogs.correiobraziliense.com.br\/cbpoder\/wp-json\/wp\/v2\/posts\/10727\/revisions\/10730"}],"wp:featuredmedia":[{"embeddable":true,"href":"https:\/\/blogs.correiobraziliense.com.br\/cbpoder\/wp-json\/wp\/v2\/media\/10728"}],"wp:attachment":[{"href":"https:\/\/blogs.correiobraziliense.com.br\/cbpoder\/wp-json\/wp\/v2\/media?parent=10727"}],"wp:term":[{"taxonomy":"category","embeddable":true,"href":"https:\/\/blogs.correiobraziliense.com.br\/cbpoder\/wp-json\/wp\/v2\/categories?post=10727"},{"taxonomy":"post_tag","embeddable":true,"href":"https:\/\/blogs.correiobraziliense.com.br\/cbpoder\/wp-json\/wp\/v2\/tags?post=10727"}],"curies":[{"name":"wp","href":"https:\/\/api.w.org\/{rel}","templated":true}]}}