{"id":10659,"date":"2018-02-26T17:52:52","date_gmt":"2018-02-26T20:52:52","guid":{"rendered":"https:\/\/blogs.correiobraziliense.com.br\/cbpoder\/?p=10659"},"modified":"2018-02-26T18:49:57","modified_gmt":"2018-02-26T21:49:57","slug":"frejat-defende-uniao-da-oposicao-para-derrotar-rollemberg","status":"publish","type":"post","link":"https:\/\/blogs.correiobraziliense.com.br\/cbpoder\/frejat-defende-uniao-da-oposicao-para-derrotar-rollemberg\/","title":{"rendered":"Pr\u00e9-candidato ao Buriti, Frejat defende uni\u00e3o da oposi\u00e7\u00e3o contra Rollemberg"},"content":{"rendered":"<p>ANA MARIA CAMPOS<\/p>\n<p>A primeira medida a ser adotada pelo ex-deputado Jofran Frejat (PR), em caso de vit\u00f3ria nas urnas em outubro, ser\u00e1 extinguir a Agefis e transferir o poder de fiscaliza\u00e7\u00e3o para as administra\u00e7\u00f5es regionais. Em entrevista nesta tarde (26\/02) ao programa CB.Poder, o ex-secret\u00e1rio de Sa\u00fade disse que tem o apoio de seu partido e disposi\u00e7\u00e3o para concorrer ao Pal\u00e1cio do Buriti em outubro.<\/p>\n<p>Frejat disse que cumpre um acordo, firmado com pol\u00edticos de diferentes partidos, de que o nome com maior aprova\u00e7\u00e3o em pesquisas de opini\u00e3o, ser\u00e1 o cabe\u00e7a de chapa. Mas essa posi\u00e7\u00e3o n\u00e3o tem sido respeitada por outros pr\u00e9-candidatos. O compromisso foi fechado com os deputados Izalci Lucas (PSDB) e Alberto Fraga (DEM), com os ex-distritais Al\u00edrio Neto (PTB) e Eliana Pedrosa (Podemos), com os ex-vices-governadores Paulo Oct\u00e1vio (PP) e Tadeu Filippelli (MDB).<\/p>\n<p>Embora Frejat apare\u00e7a como primeiro nas pesquisas, Al\u00edrio, Izalci e Fraga se colocam como pr\u00e9-candidatos ao GDF. &#8220;Precisamos nos unir pelo bem de Brasilia&#8221;, afirma Frejat.<\/p>\n<p>Enquanto seu grupo n\u00e3o se decide, Frejat conversa tamb\u00e9m com o presidente da C\u00e2mara Legislativa, Joe Valle (PDT), e com o senador Cristovam Buarque (PPS).<\/p>\n<p>O m\u00e9dico, ex-secret\u00e1rio de Sa\u00fade, disse que, por ora, n\u00e3o pode se comprometer com promessas de reajustes salariais para as 32 categorias que esperam pelo aumento suspenso por Rollemberg, tampouco com a paridade entre os vencimentos de policiais civis e federais. Ele ainda pretende fazer um estudo das contas p\u00fablicas para avaliar se ter\u00e1 condi\u00e7\u00f5es de assumir esses compromissos.<\/p>\n<p>Frejat n\u00e3o repete nem mesmo o discurso, que provocou debates na campanha de 2014, sobre a tarifa \u00fanica de R$ 1 para todos os passageiros de transporte p\u00fablico coletivo. Tamb\u00e9m neste caso Frejat vai analisar a possibilidade antes de entrar em campanha. &#8220;N\u00e3o fa\u00e7o promessas que n\u00e3o sei se poderei cumprir&#8221;, explica.<\/p>\n<p>Veja a \u00edntegra da entrevista:<\/p>\n<p>https:\/\/www.youtube.com\/watch?v=B5mtymlnhRA<\/p>\n<p>https:\/\/www.youtube.com\/watch?v=IjF3Kexv4m4<\/p>\n<p>&nbsp;<\/p>\n<p>&nbsp;<\/p>\n","protected":false},"excerpt":{"rendered":"<p>ANA MARIA CAMPOS A primeira medida a ser adotada pelo ex-deputado Jofran Frejat (PR), em caso de vit\u00f3ria nas urnas em outubro, ser\u00e1 extinguir a Agefis e transferir o poder de fiscaliza\u00e7\u00e3o para as administra\u00e7\u00f5es regionais. Em entrevista nesta tarde (26\/02) ao programa CB.Poder, o ex-secret\u00e1rio de Sa\u00fade disse que tem o apoio de seu partido e disposi\u00e7\u00e3o para concorrer [&hellip;]<\/p>\n","protected":false},"author":9,"featured_media":10660,"comment_status":"open","ping_status":"closed","sticky":false,"template":"","format":"standard","meta":{"footnotes":""},"categories":[234],"tags":[452,807,919,1152],"class_list":["post-10659","post","type-post","status-publish","format-standard","has-post-thumbnail","hentry","category-cb-poder","tag-cb-poder","tag-eleicoes-2018","tag-frejat","tag-uniao"],"_links":{"self":[{"href":"https:\/\/blogs.correiobraziliense.com.br\/cbpoder\/wp-json\/wp\/v2\/posts\/10659","targetHints":{"allow":["GET"]}}],"collection":[{"href":"https:\/\/blogs.correiobraziliense.com.br\/cbpoder\/wp-json\/wp\/v2\/posts"}],"about":[{"href":"https:\/\/blogs.correiobraziliense.com.br\/cbpoder\/wp-json\/wp\/v2\/types\/post"}],"author":[{"embeddable":true,"href":"https:\/\/blogs.correiobraziliense.com.br\/cbpoder\/wp-json\/wp\/v2\/users\/9"}],"replies":[{"embeddable":true,"href":"https:\/\/blogs.correiobraziliense.com.br\/cbpoder\/wp-json\/wp\/v2\/comments?post=10659"}],"version-history":[{"count":7,"href":"https:\/\/blogs.correiobraziliense.com.br\/cbpoder\/wp-json\/wp\/v2\/posts\/10659\/revisions"}],"predecessor-version":[{"id":10667,"href":"https:\/\/blogs.correiobraziliense.com.br\/cbpoder\/wp-json\/wp\/v2\/posts\/10659\/revisions\/10667"}],"wp:featuredmedia":[{"embeddable":true,"href":"https:\/\/blogs.correiobraziliense.com.br\/cbpoder\/wp-json\/wp\/v2\/media\/10660"}],"wp:attachment":[{"href":"https:\/\/blogs.correiobraziliense.com.br\/cbpoder\/wp-json\/wp\/v2\/media?parent=10659"}],"wp:term":[{"taxonomy":"category","embeddable":true,"href":"https:\/\/blogs.correiobraziliense.com.br\/cbpoder\/wp-json\/wp\/v2\/categories?post=10659"},{"taxonomy":"post_tag","embeddable":true,"href":"https:\/\/blogs.correiobraziliense.com.br\/cbpoder\/wp-json\/wp\/v2\/tags?post=10659"}],"curies":[{"name":"wp","href":"https:\/\/api.w.org\/{rel}","templated":true}]}}