{"id":10651,"date":"2018-02-23T08:37:48","date_gmt":"2018-02-23T11:37:48","guid":{"rendered":"https:\/\/blogs.correiobraziliense.com.br\/cbpoder\/?p=10651"},"modified":"2018-02-23T08:37:48","modified_gmt":"2018-02-23T11:37:48","slug":"um-general-entra-na-disputa-ao-palacio-do-buriti","status":"publish","type":"post","link":"https:\/\/blogs.correiobraziliense.com.br\/cbpoder\/um-general-entra-na-disputa-ao-palacio-do-buriti\/","title":{"rendered":"Com apoio de Bolsonaro, general entra na disputa ao Pal\u00e1cio do Buriti"},"content":{"rendered":"<p>ANA MARIA CAMPOS<br \/>\nEm tempos de interven\u00e7\u00e3o federal e discuss\u00e3o sobre a volta dos militares, surge um pr\u00e9-candidato ao Pal\u00e1cio do Buriti que saiu das For\u00e7as Armadas. O general de Brigada Paulo Chagas, que est\u00e1 na reserva, \u00e9 apontado como um prov\u00e1vel concorrente na sucess\u00e3o de Rodrigo Rollemberg.<\/p>\n<p>Nesta semana, ele conquistou o apoio do tamb\u00e9m pr\u00e9-candidato Jair Bolsonaro (PSL\/RJ), que gravou uma <a href=\"https:\/\/youtu.be\/FtJ2dF7rpbw\">mensagem<\/a> para as redes sociais de apoio \u00e0 disposi\u00e7\u00e3o do general de disputar as elei\u00e7\u00f5es no DF.<\/p>\n<p>O militar deve se candidatar pelo nanico PRP, partido ao qual est\u00e1 filiado. Aos 68 anos, Chagas est\u00e1 na reserva h\u00e1 12 anos. Foram 38 anos de servi\u00e7o militar.<\/p>\n<p>Ele tem conversado com amigos e buscado informa\u00e7\u00f5es sobre a situa\u00e7\u00e3o do DF antes de tomar uma decis\u00e3o. Mas garante que, se tiver condi\u00e7\u00f5es para concorrer e governar, ser\u00e1 candidato. \u201cN\u00e3o sou pol\u00edtico. Sou soldado. N\u00e3o tenho nenhuma ambi\u00e7\u00e3o al\u00e9m de servir ao meu pa\u00eds\u201d, afirma.<\/p>\n<p>Sobre a possibilidade de um general chegar ao poder no Pal\u00e1cio do Buriti, ele disse ao Correio: \u201cSou a favor da interven\u00e7\u00e3o militar pelo voto\u201d.<\/p>\n<p>Fraga: \u201cBolsonaro cumpre os compromissos\u201d<\/p>\n<p>O v\u00eddeo em que Bolsonaro aparece dando apoio ao general Paulo Chagas deixou o deputado Alberto Fraga (DEM\/DF) enciumado.<\/p>\n<p>O coronel da PM, que tamb\u00e9m est\u00e1 na reserva, tratou de divulgar tamb\u00e9m nas redes sociais uma <a href=\"https:\/\/youtu.be\/ZrWDrpBWSB8\">mensagem<\/a> esclarecendo que Bolsonaro est\u00e1 fechado com a sua candidatura ao GDF. \u201cN\u00e3o vi em momento algum o apoio exclusivo ao Paulo Chagas. \u00c9 claro que todos n\u00f3s desejamos sorte. \u00c9 algu\u00e9m novo na pol\u00edtica, mas essa especula\u00e7\u00e3o de que Bolsonaro vai apoiar o general\u2026 N\u00e3o ficou isso claro no v\u00eddeo. E tenho certeza, por conhecer o Bolsonaro, que ele cumpre os seus compromissos\u201d.<\/p>\n<p>Pode surgir mais um<br \/>\nPelo visto, o deputado Jair Bolsonaro ter\u00e1 de se desdobrar na elei\u00e7\u00e3o do DF. O deputado Izalci Lucas, hoje no PSDB, tem convite para concorrer ao GDF pelo PSL, partido de Bolsonaro.<\/p>\n<p>Se isso ocorrer, como o capit\u00e3o do Ex\u00e9rcito vai subir em outro palanque? Na pr\u00f3xima semana, Izalci deve se encontrar com o governador de S\u00e3o Paulo, Geraldo Alckmin (PSDB), para definir seu futuro no partido. Pode ser uma despedida.<\/p>\n","protected":false},"excerpt":{"rendered":"<p>ANA MARIA CAMPOS Em tempos de interven\u00e7\u00e3o federal e discuss\u00e3o sobre a volta dos militares, surge um pr\u00e9-candidato ao Pal\u00e1cio do Buriti que saiu das For\u00e7as Armadas. O general de Brigada Paulo Chagas, que est\u00e1 na reserva, \u00e9 apontado como um prov\u00e1vel concorrente na sucess\u00e3o de Rodrigo Rollemberg. Nesta semana, ele conquistou o apoio do tamb\u00e9m pr\u00e9-candidato Jair Bolsonaro (PSL\/RJ), [&hellip;]<\/p>\n","protected":false},"author":9,"featured_media":10653,"comment_status":"open","ping_status":"closed","sticky":false,"template":"","format":"standard","meta":{"footnotes":""},"categories":[234],"tags":[1143,81,1141,949,387,1142,1144],"class_list":["post-10651","post","type-post","status-publish","format-standard","has-post-thumbnail","hentry","category-cb-poder","tag-bolsonaro","tag-fraga","tag-general-paulo-chagas","tag-izalci","tag-palacio-do-buriti","tag-prp","tag-psl"],"_links":{"self":[{"href":"https:\/\/blogs.correiobraziliense.com.br\/cbpoder\/wp-json\/wp\/v2\/posts\/10651","targetHints":{"allow":["GET"]}}],"collection":[{"href":"https:\/\/blogs.correiobraziliense.com.br\/cbpoder\/wp-json\/wp\/v2\/posts"}],"about":[{"href":"https:\/\/blogs.correiobraziliense.com.br\/cbpoder\/wp-json\/wp\/v2\/types\/post"}],"author":[{"embeddable":true,"href":"https:\/\/blogs.correiobraziliense.com.br\/cbpoder\/wp-json\/wp\/v2\/users\/9"}],"replies":[{"embeddable":true,"href":"https:\/\/blogs.correiobraziliense.com.br\/cbpoder\/wp-json\/wp\/v2\/comments?post=10651"}],"version-history":[{"count":2,"href":"https:\/\/blogs.correiobraziliense.com.br\/cbpoder\/wp-json\/wp\/v2\/posts\/10651\/revisions"}],"predecessor-version":[{"id":10654,"href":"https:\/\/blogs.correiobraziliense.com.br\/cbpoder\/wp-json\/wp\/v2\/posts\/10651\/revisions\/10654"}],"wp:featuredmedia":[{"embeddable":true,"href":"https:\/\/blogs.correiobraziliense.com.br\/cbpoder\/wp-json\/wp\/v2\/media\/10653"}],"wp:attachment":[{"href":"https:\/\/blogs.correiobraziliense.com.br\/cbpoder\/wp-json\/wp\/v2\/media?parent=10651"}],"wp:term":[{"taxonomy":"category","embeddable":true,"href":"https:\/\/blogs.correiobraziliense.com.br\/cbpoder\/wp-json\/wp\/v2\/categories?post=10651"},{"taxonomy":"post_tag","embeddable":true,"href":"https:\/\/blogs.correiobraziliense.com.br\/cbpoder\/wp-json\/wp\/v2\/tags?post=10651"}],"curies":[{"name":"wp","href":"https:\/\/api.w.org\/{rel}","templated":true}]}}