{"id":10632,"date":"2018-02-21T17:56:54","date_gmt":"2018-02-21T20:56:54","guid":{"rendered":"https:\/\/blogs.correiobraziliense.com.br\/cbpoder\/?p=10632"},"modified":"2018-02-21T17:56:54","modified_gmt":"2018-02-21T20:56:54","slug":"sandra-faraj-e-expulsa-do-solidariedade-2","status":"publish","type":"post","link":"https:\/\/blogs.correiobraziliense.com.br\/cbpoder\/sandra-faraj-e-expulsa-do-solidariedade-2\/","title":{"rendered":"Sandra Faraj \u00e9 expulsa do Solidariedade"},"content":{"rendered":"<p>BRUNO LIMA<\/p>\n<p>Os desentendimentos com o presidente regional do Solidariedade, deputado federal Augusto Carvalho, fez com que a deputada distrital Sandra Faraj fosse expulsa do partido. A parlamentar foi avisada do afastamento na ter\u00e7a-feira (20) por um comunicado assinado pelo presidente nacional do partido, deputado federal Paulo Pereira da Silva, o Paulinho da For\u00e7a<\/p>\n<p>No documento, Paulinho afirma que a decis\u00e3o foi tomada pela Executiva Nacional da sigla e que n\u00e3o aceitar\u00e1 \u201cqualquer interven\u00e7\u00e3o na composi\u00e7\u00e3o do partido no DF\u201d. Manter\u00e1 Augusto Carvalho como dirigente no Distrito Federal. O of\u00edcio ainda ressalta que o Solidariedade n\u00e3o tem interesse na perman\u00eancia de Sandra no quadro de filiados e de parlamentares e pede que ela decida seu \u201cdestino pol\u00edtico em outra legenda\u201d.<\/p>\n<p>Em nota, a assessoria da parlamentar afirmou que a desfilia\u00e7\u00e3o dela se dar\u00e1 por \u201cincompatibilidade com algumas bandeiras partid\u00e1rias do Solidariedade\u201d, e pelo fato de a \u201cPresid\u00eancia Regional do Partido nunca ter se interessado pela luta da distrital em defesa das fam\u00edlias do Distrito Federal\u201d. O comunicado ainda destaca que a desfilia\u00e7\u00e3o ser\u00e1 \u201cacompanhada por outros 4.998 filiados, que apoiam a atua\u00e7\u00e3o da deputada\u201d.<\/p>\n<p>Acusa\u00e7\u00e3o<\/p>\n<p>A expuls\u00e3o acontece a uma semana da sess\u00e3o marcada no Tribunal de Justi\u00e7a do DF e Territ\u00f3rios que decidir\u00e1 se acolher\u00e1 a den\u00fancia do Minist\u00e9rio P\u00fablico do DF de estelionato majorado contra Sandra. Ela \u00e9 acusada pelo ex-comissionado e propriet\u00e1rio da Netpub, Filipe Nogueira Coimbra, de n\u00e3o realizar pagamentos em um contrato de publicidade.<\/p>\n<p>Segundo a den\u00fancia, o acordo firmado em fevereiro de 2015 estabelecia seis faturas no valor de R$ 15 mil, e outras seis de R$ 14 mil \u2014 um total de R$ 174 mil \u2014 as quais derivavam do desenvolvimento e manuten\u00e7\u00e3o de plataformas eletr\u00f4nicas, envio de SMS, gerenciamento de sistemas, entre outros.<\/p>\n<p>A empresa, entretanto, teria recebido apenas o equivalente a 10 boletos de R$ 2.655, ou seja, R$ 26.550. A ag\u00eancia emitiu notas fiscais, cujos conte\u00fados atestam o recebimento dos subs\u00eddios. Por\u00e9m, segundo a den\u00fancia, Faraj exigia a obten\u00e7\u00e3o dos recibos antes de efetuar os pagamentos.<\/p>\n<p>A distrital chegou a responder a um processo por quebra de decoro parlamentar na C\u00e2mara Legislativa. A pe\u00e7a que pedia a cassa\u00e7\u00e3o do mandato, contudo, acabou arquivada pelo Conselho de \u00c9tica da Casa.<\/p>\n","protected":false},"excerpt":{"rendered":"<p>BRUNO LIMA Os desentendimentos com o presidente regional do Solidariedade, deputado federal Augusto Carvalho, fez com que a deputada distrital Sandra Faraj fosse expulsa do partido. A parlamentar foi avisada do afastamento na ter\u00e7a-feira (20) por um comunicado assinado pelo presidente nacional do partido, deputado federal Paulo Pereira da Silva, o Paulinho da For\u00e7a No documento, Paulinho afirma que a [&hellip;]<\/p>\n","protected":false},"author":9,"featured_media":8238,"comment_status":"open","ping_status":"closed","sticky":false,"template":"","format":"standard","meta":{"footnotes":""},"categories":[234],"tags":[1136,1138,29,1137],"class_list":["post-10632","post","type-post","status-publish","format-standard","has-post-thumbnail","hentry","category-cb-poder","tag-augusto-caravalho","tag-expulso","tag-sandra-faraj","tag-solidariedade"],"_links":{"self":[{"href":"https:\/\/blogs.correiobraziliense.com.br\/cbpoder\/wp-json\/wp\/v2\/posts\/10632","targetHints":{"allow":["GET"]}}],"collection":[{"href":"https:\/\/blogs.correiobraziliense.com.br\/cbpoder\/wp-json\/wp\/v2\/posts"}],"about":[{"href":"https:\/\/blogs.correiobraziliense.com.br\/cbpoder\/wp-json\/wp\/v2\/types\/post"}],"author":[{"embeddable":true,"href":"https:\/\/blogs.correiobraziliense.com.br\/cbpoder\/wp-json\/wp\/v2\/users\/9"}],"replies":[{"embeddable":true,"href":"https:\/\/blogs.correiobraziliense.com.br\/cbpoder\/wp-json\/wp\/v2\/comments?post=10632"}],"version-history":[{"count":1,"href":"https:\/\/blogs.correiobraziliense.com.br\/cbpoder\/wp-json\/wp\/v2\/posts\/10632\/revisions"}],"predecessor-version":[{"id":10634,"href":"https:\/\/blogs.correiobraziliense.com.br\/cbpoder\/wp-json\/wp\/v2\/posts\/10632\/revisions\/10634"}],"wp:featuredmedia":[{"embeddable":true,"href":"https:\/\/blogs.correiobraziliense.com.br\/cbpoder\/wp-json\/wp\/v2\/media\/8238"}],"wp:attachment":[{"href":"https:\/\/blogs.correiobraziliense.com.br\/cbpoder\/wp-json\/wp\/v2\/media?parent=10632"}],"wp:term":[{"taxonomy":"category","embeddable":true,"href":"https:\/\/blogs.correiobraziliense.com.br\/cbpoder\/wp-json\/wp\/v2\/categories?post=10632"},{"taxonomy":"post_tag","embeddable":true,"href":"https:\/\/blogs.correiobraziliense.com.br\/cbpoder\/wp-json\/wp\/v2\/tags?post=10632"}],"curies":[{"name":"wp","href":"https:\/\/api.w.org\/{rel}","templated":true}]}}