{"id":10620,"date":"2018-02-21T12:42:14","date_gmt":"2018-02-21T15:42:14","guid":{"rendered":"https:\/\/blogs.correiobraziliense.com.br\/cbpoder\/?p=10620"},"modified":"2018-02-21T12:46:25","modified_gmt":"2018-02-21T15:46:25","slug":"presidente-do-grupo-dudalina-faz-palestras-em-brasilia","status":"publish","type":"post","link":"https:\/\/blogs.correiobraziliense.com.br\/cbpoder\/presidente-do-grupo-dudalina-faz-palestras-em-brasilia\/","title":{"rendered":"Presidente do grupo Dudalina faz palestras em Bras\u00edlia"},"content":{"rendered":"<p>A presidente da camisaria Dudalina, S\u00f4nia Hess, atual vice-presidente do grupo Mulheres do Brasil, est\u00e1 na moda. Em 26 de fevereiro, ela vai proferir uma palestra sobre \u201cLideran\u00e7a Feminina nos Neg\u00f3cios\u201d, no audit\u00f3rio do Centro Cultural Banco do Brasil (CCBB), de 17h30 \u00e0s 20h.<\/p>\n<p>No dia seguinte, ser\u00e1 a debatedora no almo\u00e7o da Lide, com empres\u00e1rios de Bras\u00edlia, no Hotel Kubitschek Plaza. O tema ser\u00e1 \u201cEmpresa familiar: governan\u00e7a e sucess\u00e3o\u201d.<\/p>\n<p>Herdeira do grupo catarinense fundado pela m\u00e3e, Adelina Clara Hess de Souza, S\u00f4nia \u00e9 considerada exemplo de empreendedorismo.<\/p>\n","protected":false},"excerpt":{"rendered":"<p>A presidente da camisaria Dudalina, S\u00f4nia Hess, atual vice-presidente do grupo Mulheres do Brasil, est\u00e1 na moda. Em 26 de fevereiro, ela vai proferir uma palestra sobre \u201cLideran\u00e7a Feminina nos Neg\u00f3cios\u201d, no audit\u00f3rio do Centro Cultural Banco do Brasil (CCBB), de 17h30 \u00e0s 20h. No dia seguinte, ser\u00e1 a debatedora no almo\u00e7o da Lide, com empres\u00e1rios de Bras\u00edlia, no Hotel [&hellip;]<\/p>\n","protected":false},"author":9,"featured_media":10621,"comment_status":"open","ping_status":"closed","sticky":false,"template":"","format":"standard","meta":{"footnotes":""},"categories":[234],"tags":[25,1131,1132],"class_list":["post-10620","post","type-post","status-publish","format-standard","has-post-thumbnail","hentry","category-cb-poder","tag-brasilia","tag-dudalina","tag-sonia-hess"],"_links":{"self":[{"href":"https:\/\/blogs.correiobraziliense.com.br\/cbpoder\/wp-json\/wp\/v2\/posts\/10620","targetHints":{"allow":["GET"]}}],"collection":[{"href":"https:\/\/blogs.correiobraziliense.com.br\/cbpoder\/wp-json\/wp\/v2\/posts"}],"about":[{"href":"https:\/\/blogs.correiobraziliense.com.br\/cbpoder\/wp-json\/wp\/v2\/types\/post"}],"author":[{"embeddable":true,"href":"https:\/\/blogs.correiobraziliense.com.br\/cbpoder\/wp-json\/wp\/v2\/users\/9"}],"replies":[{"embeddable":true,"href":"https:\/\/blogs.correiobraziliense.com.br\/cbpoder\/wp-json\/wp\/v2\/comments?post=10620"}],"version-history":[{"count":1,"href":"https:\/\/blogs.correiobraziliense.com.br\/cbpoder\/wp-json\/wp\/v2\/posts\/10620\/revisions"}],"predecessor-version":[{"id":10622,"href":"https:\/\/blogs.correiobraziliense.com.br\/cbpoder\/wp-json\/wp\/v2\/posts\/10620\/revisions\/10622"}],"wp:featuredmedia":[{"embeddable":true,"href":"https:\/\/blogs.correiobraziliense.com.br\/cbpoder\/wp-json\/wp\/v2\/media\/10621"}],"wp:attachment":[{"href":"https:\/\/blogs.correiobraziliense.com.br\/cbpoder\/wp-json\/wp\/v2\/media?parent=10620"}],"wp:term":[{"taxonomy":"category","embeddable":true,"href":"https:\/\/blogs.correiobraziliense.com.br\/cbpoder\/wp-json\/wp\/v2\/categories?post=10620"},{"taxonomy":"post_tag","embeddable":true,"href":"https:\/\/blogs.correiobraziliense.com.br\/cbpoder\/wp-json\/wp\/v2\/tags?post=10620"}],"curies":[{"name":"wp","href":"https:\/\/api.w.org\/{rel}","templated":true}]}}