{"id":10601,"date":"2018-02-18T11:51:08","date_gmt":"2018-02-18T14:51:08","guid":{"rendered":"https:\/\/blogs.correiobraziliense.com.br\/cbpoder\/?p=10601"},"modified":"2018-02-18T11:53:56","modified_gmt":"2018-02-18T14:53:56","slug":"laerte-bessa-criminalidade-se-combate-com-investigacao-nao-com-intervencao","status":"publish","type":"post","link":"https:\/\/blogs.correiobraziliense.com.br\/cbpoder\/laerte-bessa-criminalidade-se-combate-com-investigacao-nao-com-intervencao\/","title":{"rendered":"Laerte Bessa: \u201cN\u00e3o se combate criminalidade com interven\u00e7\u00e3o e sim com investiga\u00e7\u00e3o\u201d"},"content":{"rendered":"<p>ANA MARIA CAMPOS<\/p>\n<p>Embora seja um aliado do presidente Michel Temer, o deputado Laerte Bessa (PR\/DF) n\u00e3o aplaude a interven\u00e7\u00e3o federal decretada no Rio de Janeiro como medida para conter a onda de criminalidade no estado.<\/p>\n<p>Diretor da Pol\u00edcia Civil do DF por quase oito anos, Bessa acredita que o Ex\u00e9rcito Brasileiro n\u00e3o est\u00e1 preparado para impedir a atua\u00e7\u00e3o do crime organizado que tomou conta das institui\u00e7\u00f5es do Rio de Janeiro.<\/p>\n<p>A sa\u00edda, acredita Bessa, \u00e9 outra: investimento na Pol\u00edcia Judici\u00e1ria, com estrutura para trabalhar e sal\u00e1rios dignos e fim do said\u00f5es dos pres\u00eddios em casos de bandidos perigosos. Um dos pontos fundamentais, segundo o delegado aposentado, \u00e9 dar condi\u00e7\u00f5es para o policiamento ostensivo e para a realiza\u00e7\u00e3o de complexas investiga\u00e7\u00f5es que permitam a elucida\u00e7\u00e3o de crimes graves.<\/p>\n<p>Na vis\u00e3o de Bessa, que \u00e9 oposi\u00e7\u00e3o e cr\u00edtico do governo Rollemberg, a situa\u00e7\u00e3o no Distrito Federal pode chegar \u00e0 que vemos no Rio de Janeiro. O motivo \u00e9 que a seguran\u00e7a p\u00fablica da capital do pa\u00eds n\u00e3o tem oferecido, segundo o deputado, as condi\u00e7\u00f5es necess\u00e1rias para que os policiais possam trabalhar.<\/p>\n<p><strong>A interven\u00e7\u00e3o federal vai resolver a onda de viol\u00eancia no Rio de Janeiro?<\/strong><br \/>\nInfelizmente, n\u00e3o. O Ex\u00e9rcito Brasileiro n\u00e3o est\u00e1 preparado para essa miss\u00e3o.<\/p>\n<p><strong>Que medidas seriam necess\u00e1rias para tirar do crime organizado o controle da seguran\u00e7a p\u00fablica no estado?<\/strong><br \/>\nInvestir nas pol\u00edcias do Rio de Janeiro, dando dignidade aos policiais com moradia (retirando pol\u00edcias que moram nas zonas do crime organizado), sal\u00e1rio digno, equipamentos \u00e0 altura para o enfrentamento com os traficantes, comunica\u00e7\u00e3o social forte com objetivo de melhorar a divulga\u00e7\u00e3o do trabalho policial, aumentar o efetivo, qualificando os policiais tanto para o trabalho ostensivo, quanto investigativo com objetivo de aumentar as elucida\u00e7\u00f5es de crimes graves. Tamb\u00e9m \u00e9 importante implantar uma corregedoria \u00fanica, forte, para excluir os maus policiais e construir mais pres\u00eddios para atender \u00e0 atual demanda de delinquentes existente hoje no Estado, e acabar com a famigerada audi\u00eancia de cust\u00f3dia, bem como acelerar a reforma da Lei Execu\u00e7\u00f5es Penais para acabar com os said\u00f5es e progress\u00f5es de pena para bandidos de alta periculosidade. Al\u00e9m disso, investir em intelig\u00eancia da pol\u00edcia judici\u00e1ria.<\/p>\n<p><strong>Como o Rio chegou a esse ponto?<\/strong><br \/>\nAbandono total da seguran\u00e7a p\u00fablica quando os policiais come\u00e7aram a se corromper para sobreviver. Isso come\u00e7ou no governo Brizola que proibiu a pol\u00edcia de subir nos morros para combater o tr\u00e1fico. Alguns governantes preferem sucatear as pol\u00edcias e, com isso, n\u00e3o permitem que grandes investiga\u00e7\u00f5es avancem, seja contra o crime organizado, tr\u00e1fico de armas ou at\u00e9 mesmo no desvio de dinheiro p\u00fablico. Precisou a Pol\u00edcia Federal investigar para descobrirmos a roubalheira que se instalou no Rio de Janeiro.<\/p>\n<p><strong>Ha risco de o DF chegar a uma situa\u00e7\u00e3o como essa?<\/strong><br \/>\nClaro que sim. Com a atual gest\u00e3o do governo, estamos caminhando para isso. O governador de Bras\u00edlia est\u00e1 levando a seguran\u00e7a p\u00fablica para o caos, com persegui\u00e7\u00e3o e revanchismo \u00e0s institui\u00e7\u00f5es, n\u00e3o levando em conta que a maior prejudicada \u00e9 a sociedade, Pol\u00edcia Militar totalmente desmotivada, por falta de comando, Pol\u00edcia Civil com as delegacias fechadas no per\u00edodo noturno e perseguida constantemente por este desqualificado governador. Quem ganha com isso? O crime organizado! Se voc\u00ea comparar, estamos passando pelos mesmos problemas: baixo efetivo, falta de equipamentos e viaturas, aus\u00eancia de recomposi\u00e7\u00e3o salarial, desmotiva\u00e7\u00e3o e sucateamento das instala\u00e7\u00f5es policiais.<\/p>\n<p><strong>O governo diz que os \u00edndices de seguran\u00e7a no DF est\u00e3o melhorando. Acredita?<\/strong><br \/>\nMentira. Esse governo \u00e9 contumaz em mentir e de n\u00e3o cumprir compromissos. O Sinpol, toda semana, faz um levantamento das ocorr\u00eancias registradas no DF e os resultados mostram que a criminalidade est\u00e1 muito acima dos n\u00fameros divulgados pela secretaria de Seguran\u00e7a P\u00fablica. E prova disso \u00e9 o sentimento de inseguran\u00e7a que tomou conta da popula\u00e7\u00e3o de Bras\u00edlia. Se voc\u00ea perguntar a qualquer morador do DF se a viol\u00eancia diminuiu, saberemos quem est\u00e1 falando a verdade e tenho certeza que n\u00e3o \u00e9 o governador Rollemberg.<\/p>\n<p><strong>Acha que o presidente Temer liberar\u00e1 recursos para bancar o reajuste da PCDF?<\/strong><br \/>\nInfelizmente n\u00e3o. Tentei convenc\u00ea-lo a liberar recursos para os 14%. Ele considerou esse passivo (saldo do Fundo Constitucional) inexistente, uma artimanha do governo local para jogar os policiais contra o governo federal e salientou que liberou v\u00e1rios recursos com a finalidade de atender os policiais e que ele ignorou. N\u00e3o podemos esquecer que o \u00fanico culpado pela perda da paridade da Pol\u00edcia Civil se chama Rodrigo Rollemberg. Se ele quisesse realmente dar o aumento, teria usado recursos do Fundo Constitucional, que serve justamente para isso, ou o valor de mais de R$ 1 bilh\u00e3o provenientes da fus\u00e3o dos fundos de Previd\u00eancia.<\/p>\n","protected":false},"excerpt":{"rendered":"<p>ANA MARIA CAMPOS Embora seja um aliado do presidente Michel Temer, o deputado Laerte Bessa (PR\/DF) n\u00e3o aplaude a interven\u00e7\u00e3o federal decretada no Rio de Janeiro como medida para conter a onda de criminalidade no estado. Diretor da Pol\u00edcia Civil do DF por quase oito anos, Bessa acredita que o Ex\u00e9rcito Brasileiro n\u00e3o est\u00e1 preparado para impedir a atua\u00e7\u00e3o do [&hellip;]<\/p>\n","protected":false},"author":9,"featured_media":8790,"comment_status":"open","ping_status":"closed","sticky":false,"template":"","format":"standard","meta":{"footnotes":""},"categories":[234],"tags":[],"class_list":["post-10601","post","type-post","status-publish","format-standard","has-post-thumbnail","hentry","category-cb-poder"],"_links":{"self":[{"href":"https:\/\/blogs.correiobraziliense.com.br\/cbpoder\/wp-json\/wp\/v2\/posts\/10601","targetHints":{"allow":["GET"]}}],"collection":[{"href":"https:\/\/blogs.correiobraziliense.com.br\/cbpoder\/wp-json\/wp\/v2\/posts"}],"about":[{"href":"https:\/\/blogs.correiobraziliense.com.br\/cbpoder\/wp-json\/wp\/v2\/types\/post"}],"author":[{"embeddable":true,"href":"https:\/\/blogs.correiobraziliense.com.br\/cbpoder\/wp-json\/wp\/v2\/users\/9"}],"replies":[{"embeddable":true,"href":"https:\/\/blogs.correiobraziliense.com.br\/cbpoder\/wp-json\/wp\/v2\/comments?post=10601"}],"version-history":[{"count":2,"href":"https:\/\/blogs.correiobraziliense.com.br\/cbpoder\/wp-json\/wp\/v2\/posts\/10601\/revisions"}],"predecessor-version":[{"id":10603,"href":"https:\/\/blogs.correiobraziliense.com.br\/cbpoder\/wp-json\/wp\/v2\/posts\/10601\/revisions\/10603"}],"wp:featuredmedia":[{"embeddable":true,"href":"https:\/\/blogs.correiobraziliense.com.br\/cbpoder\/wp-json\/wp\/v2\/media\/8790"}],"wp:attachment":[{"href":"https:\/\/blogs.correiobraziliense.com.br\/cbpoder\/wp-json\/wp\/v2\/media?parent=10601"}],"wp:term":[{"taxonomy":"category","embeddable":true,"href":"https:\/\/blogs.correiobraziliense.com.br\/cbpoder\/wp-json\/wp\/v2\/categories?post=10601"},{"taxonomy":"post_tag","embeddable":true,"href":"https:\/\/blogs.correiobraziliense.com.br\/cbpoder\/wp-json\/wp\/v2\/tags?post=10601"}],"curies":[{"name":"wp","href":"https:\/\/api.w.org\/{rel}","templated":true}]}}