{"id":10590,"date":"2018-02-15T21:52:57","date_gmt":"2018-02-15T23:52:57","guid":{"rendered":"https:\/\/blogs.correiobraziliense.com.br\/cbpoder\/?p=10590"},"modified":"2018-02-15T21:52:57","modified_gmt":"2018-02-15T23:52:57","slug":"servidores-do-der-pedem-a-camara-legislativa-investigacao-sobre-queda-do-viaduto-no-eixao","status":"publish","type":"post","link":"https:\/\/blogs.correiobraziliense.com.br\/cbpoder\/servidores-do-der-pedem-a-camara-legislativa-investigacao-sobre-queda-do-viaduto-no-eixao\/","title":{"rendered":"Servidores do DER pedem \u00e0 C\u00e2mara Legislativa investiga\u00e7\u00e3o sobre queda do viaduto no Eix\u00e3o"},"content":{"rendered":"<p><span style=\"font-weight: 400\">Entidades representativas dos servidores do\u00a0Departamento de Estradas de Rodagem do Distrito Federal (DER) apresentaram \u00e0 C\u00e2mara Legislativa, nesta quinta-feira (15\/02), um pedido de investiga\u00e7\u00e3o sobre a queda do viaduto da Galeria dos Estados, no Eix\u00e3o Sul. A iniciativa acontece cerca de uma semana ap\u00f3s a exonera\u00e7\u00e3o de Henrique Luduvice da diretoria-geral da autarquia.\u00a0<\/span><\/p>\n<p>&nbsp;<\/p>\n<p><span style=\"font-weight: 400\">Segundo o documento, o DER n\u00e3o \u00e9 respons\u00e1vel pela manuten\u00e7\u00e3o de viadutos e passarelas subterr\u00e2neas dos Eixos Rodovi\u00e1rios Sul e Norte. S\u00e3o compet\u00eancia do \u00f3rg\u00e3o apenas as a\u00e7\u00f5es de fiscaliza\u00e7\u00e3o do tr\u00e2nsito, a sinaliza\u00e7\u00e3o e a pavimenta\u00e7\u00e3o das rodovias.<\/span><\/p>\n<p>&nbsp;<\/p>\n<p><span style=\"font-weight: 400\">As entidades apontam que estudos, projetos e contratos de restaura\u00e7\u00e3o do viaduto da Galeria encontram-se nas m\u00e3os da Companhia Urbanizadora da Nova Capital (Novacap). &#8220;Enfatiza-se, ainda, que segundo entrevistas gravadas pela imprensa, o pr\u00f3prio projetista estrutural do viaduto, o engenheiro Bruno Contarini, diz que tal est\u00e1gio de deteriora\u00e7\u00e3o daquela Obra de Arte Especial [viaduto] seria resultante de 30 a 40 anos sem adequada manuten\u00e7\u00e3o&#8221;, frisa o texto.<\/span><\/p>\n<p>&nbsp;<\/p>\n<p><span style=\"font-weight: 400\">O of\u00edcio \u00e9 assinado pelas entidades ASSENDER [Associa\u00e7\u00e3o dos Engenheiros do DER], ASDER [Associa\u00e7\u00e3o dos Servidores do DER], ASSAAP [Associa\u00e7\u00e3o dos Servidores Ativos, Aposentados e Pensionistas do DER] e AAGETRAN [Associa\u00e7\u00e3o dos T\u00e9cnicos de Tr\u00e2nsito Rodovi\u00e1rio do DER], as quais afirmam o desejo de que &#8220;seja apurada a realidade sobre o ocorrido, com o objetivo de resgatar a verdade dos fatos, ensejando, assim, perante o Corpo T\u00e9cnico desta autarquia e a sociedade geral, um ju\u00edzo de valor justo e verdadeiro&#8221;.<\/span><\/p>\n<p>&nbsp;<\/p>\n<p>Al\u00e9m da C\u00e2mara Legislativa, receberam a documenta\u00e7\u00e3o o Tribunal de Contas do DF (TCDF),\u00a0a Controladoria-Geral do DF, o Conselho Federal de Engenharia e Agronomia, \u00a0o Conselho Regional de Engenharia e Agronomia do DF e o Clube de Engenharia.<\/p>\n<p>&nbsp;<\/p>\n<h2><strong>Manifesta\u00e7\u00f5es de apoio<\/strong><\/h2>\n<p>&nbsp;<\/p>\n<p><span style=\"font-weight: 400\">Esta n\u00e3o \u00e9 a primeira vez em que servidores do DER mostram descontentamento com a responsabiliza\u00e7\u00e3o da autarquia pela queda do viaduto. No dia seguinte \u00e0 exonera\u00e7\u00e3o de Luduvice, cerca de 300 pessoas ficaram em frente \u00e0 sede do \u00f3rg\u00e3o, de acordo com c\u00e1lculos dos organizadores, para manifesta\u00e7\u00e3o em rep\u00fadio \u00e0 decis\u00e3o do governador Rodrigo Rollemberg, por considerarem a demiss\u00e3o injustificada. O ex-diretor-geral foi substitu\u00eddo por M\u00e1rcio Augusto Buzar, antigo diretor de edifica\u00e7\u00f5es da Novacap. <\/span><\/p>\n<p>&nbsp;<\/p>\n<p><span style=\"font-weight: 400\">Ao <strong>CB.Poder<\/strong>, a assessoria de imprensa do Pal\u00e1cio do Buriti informou que &#8220;o\u00a0Governo de Bras\u00edlia prestar\u00e1 todas as informa\u00e7\u00f5es que forem solicitadas&#8221; e acrescentou que &#8220;a prerrogativa de escolher o dirigente do DER \u00e9 do governador&#8221;.<\/span><\/p>\n<p>&nbsp;<\/p>\n","protected":false},"excerpt":{"rendered":"<p>Entidades representativas dos servidores do\u00a0Departamento de Estradas de Rodagem do Distrito Federal (DER) apresentaram \u00e0 C\u00e2mara Legislativa, nesta quinta-feira (15\/02), um pedido de investiga\u00e7\u00e3o sobre a queda do viaduto da Galeria dos Estados, no Eix\u00e3o Sul. A iniciativa acontece cerca de uma semana ap\u00f3s a exonera\u00e7\u00e3o de Henrique Luduvice da diretoria-geral da autarquia.\u00a0 &nbsp; Segundo o documento, o DER n\u00e3o [&hellip;]<\/p>\n","protected":false},"author":90,"featured_media":10541,"comment_status":"open","ping_status":"closed","sticky":false,"template":"","format":"standard","meta":{"footnotes":""},"categories":[234],"tags":[1104,1103,1102,1106,1118,1026],"class_list":["post-10590","post","type-post","status-publish","format-standard","has-post-thumbnail","hentry","category-cb-poder","tag-der","tag-eixao-sul","tag-galeria-dos-estados","tag-henrique-luduvice","tag-novacap","tag-viaduto"],"_links":{"self":[{"href":"https:\/\/blogs.correiobraziliense.com.br\/cbpoder\/wp-json\/wp\/v2\/posts\/10590","targetHints":{"allow":["GET"]}}],"collection":[{"href":"https:\/\/blogs.correiobraziliense.com.br\/cbpoder\/wp-json\/wp\/v2\/posts"}],"about":[{"href":"https:\/\/blogs.correiobraziliense.com.br\/cbpoder\/wp-json\/wp\/v2\/types\/post"}],"author":[{"embeddable":true,"href":"https:\/\/blogs.correiobraziliense.com.br\/cbpoder\/wp-json\/wp\/v2\/users\/90"}],"replies":[{"embeddable":true,"href":"https:\/\/blogs.correiobraziliense.com.br\/cbpoder\/wp-json\/wp\/v2\/comments?post=10590"}],"version-history":[{"count":1,"href":"https:\/\/blogs.correiobraziliense.com.br\/cbpoder\/wp-json\/wp\/v2\/posts\/10590\/revisions"}],"predecessor-version":[{"id":10592,"href":"https:\/\/blogs.correiobraziliense.com.br\/cbpoder\/wp-json\/wp\/v2\/posts\/10590\/revisions\/10592"}],"wp:featuredmedia":[{"embeddable":true,"href":"https:\/\/blogs.correiobraziliense.com.br\/cbpoder\/wp-json\/wp\/v2\/media\/10541"}],"wp:attachment":[{"href":"https:\/\/blogs.correiobraziliense.com.br\/cbpoder\/wp-json\/wp\/v2\/media?parent=10590"}],"wp:term":[{"taxonomy":"category","embeddable":true,"href":"https:\/\/blogs.correiobraziliense.com.br\/cbpoder\/wp-json\/wp\/v2\/categories?post=10590"},{"taxonomy":"post_tag","embeddable":true,"href":"https:\/\/blogs.correiobraziliense.com.br\/cbpoder\/wp-json\/wp\/v2\/tags?post=10590"}],"curies":[{"name":"wp","href":"https:\/\/api.w.org\/{rel}","templated":true}]}}