{"id":10485,"date":"2018-02-01T16:01:07","date_gmt":"2018-02-01T18:01:07","guid":{"rendered":"https:\/\/blogs.correiobraziliense.com.br\/cbpoder\/?p=10485"},"modified":"2018-02-01T16:01:44","modified_gmt":"2018-02-01T18:01:44","slug":"stj-suspende-julgamento-de-arruda-ate-conclusao-de-pericia","status":"publish","type":"post","link":"https:\/\/blogs.correiobraziliense.com.br\/cbpoder\/stj-suspende-julgamento-de-arruda-ate-conclusao-de-pericia\/","title":{"rendered":"STJ suspende julgamento de Arruda at\u00e9 conclus\u00e3o de per\u00edcia"},"content":{"rendered":"<figure id=\"attachment_10486\" aria-describedby=\"caption-attachment-10486\" style=\"width: 420px\" class=\"wp-caption alignright\"><a href=\"https:\/\/blogs.correiobraziliense.com.br\/cbpoder\/wp-content\/uploads\/sites\/5\/2018\/02\/CBPFOT251120172683.jpg\" rel=\"attachment wp-att-10486\"><img loading=\"lazy\" decoding=\"async\" class=\" wp-image-10486\" src=\"https:\/\/blogs.correiobraziliense.com.br\/cbpoder\/wp-content\/uploads\/sites\/5\/2018\/02\/CBPFOT251120172683-300x202.jpg\" alt=\"Credito: Ed Alves\/CB\/D.A. Press\" width=\"420\" height=\"283\" \/><\/a><figcaption id=\"caption-attachment-10486\" class=\"wp-caption-text\">Credito: Ed Alves\/CB\/D.A. Press<\/figcaption><\/figure>\n<p><em>Por Bruno Lima, especial para o Correio<\/em><br \/>\nO Superior Tribunal de Justi\u00e7a (STJ) suspendeu o julgamento de um recurso do ex-governador Jos\u00e9 Roberto Arruda no \u00e2mbito da Opera\u00e7\u00e3o Caixa de Pandora marcado para acontecer na tarde desta quinta-feira (1\u00ba\/02), na 3\u00aa Vara Criminal do Tribunal de Justi\u00e7a do DF e Territ\u00f3rios. De acordo com liminar do ministro Reynaldo Soares Fonseca, o processo ficar\u00e1 suspenso at\u00e9 que a Pol\u00edcia Federal conclua a per\u00edcia feita nos equipamentos utilizados pelo delator do esquema Durval Barbosa para gravar o ex-governador.<br \/>\nEm maio do ano passado, Arruda foi condenado a 3 anos, 10 meses e 20 dias de reclus\u00e3o em regime semi-aberto por crime de falsidade ideol\u00f3gica. Ele \u00e9 acusado de ter falsificado recibos de compras de panetones para justificar um v\u00eddeo em que aparece recebendo uma bolsa com R$ 50 mil das m\u00e3os de Durval Barbosa. O v\u00eddeo deflagrou as investiga\u00e7\u00f5es da Opera\u00e7\u00e3o Caixa de Pandora em 2009.<\/p>\n<p>O pedido de liminar foi apresentado no STJ na noite de quarta-feira. O ministro acolheu os argumentos da defesa de Arruda e destacou que \u201cno caso concreto, n\u00e3o h\u00e1 pedido de anula\u00e7\u00e3o de senten\u00e7a, mas apenas de suspens\u00e3o do julgamento da apela\u00e7\u00e3o\u201d. Fonseca tamb\u00e9m avaliou que \u201co resultado da per\u00edcia pode contribuir tanto para elucidar sobre a exist\u00eancia, ou n\u00e3o, de manipula\u00e7\u00e3o do conte\u00fado da grava\u00e7\u00e3o, como tamb\u00e9m para esclarecer sobre a exist\u00eancia, ou n\u00e3o, de preju\u00edzo ao r\u00e9u\u201d. O ministro ainda estabeleceu o prazo de 10 dias para que o TJ encaminhe informa\u00e7\u00f5es sobre o caso.<\/p>\n<p>O advogado do ex-governador Arruda, Paulo Em\u00edlio Catta Preta, disse que os aparelhos ficaram desaparecidos por sete anos e que o laudo da Pol\u00edcia Federal \u00e9 fundamental para o andamento do processo. \u201cN\u00f3s fomos ao STJ para pedir que reconhecesse nosso direito de esperarmos a prova pericial dos aparelhos que realizaram a suposta grava\u00e7\u00e3o de 21 de outubro da Caixa de Pandora\u201d, afirmou. O advogado disse que a per\u00edcia deve ficar pronta em um m\u00eas e que aguardar\u00e1 o resultado para tra\u00e7ar as novas estrat\u00e9gias da defesa. \u201cDe sorte, o STJ entendeu que era absolutamente inadequado julgar qualquer recursos sem elucidar essa quest\u00e3o pericial antes\u201d, comemorou.<\/p>\n","protected":false},"excerpt":{"rendered":"<p>Por Bruno Lima, especial para o Correio O Superior Tribunal de Justi\u00e7a (STJ) suspendeu o julgamento de um recurso do ex-governador Jos\u00e9 Roberto Arruda no \u00e2mbito da Opera\u00e7\u00e3o Caixa de Pandora marcado para acontecer na tarde desta quinta-feira (1\u00ba\/02), na 3\u00aa Vara Criminal do Tribunal de Justi\u00e7a do DF e Territ\u00f3rios. De acordo com liminar do ministro Reynaldo Soares Fonseca, [&hellip;]<\/p>\n","protected":false},"author":90,"featured_media":0,"comment_status":"open","ping_status":"closed","sticky":false,"template":"","format":"standard","meta":{"footnotes":""},"categories":[234],"tags":[],"class_list":["post-10485","post","type-post","status-publish","format-standard","hentry","category-cb-poder"],"_links":{"self":[{"href":"https:\/\/blogs.correiobraziliense.com.br\/cbpoder\/wp-json\/wp\/v2\/posts\/10485","targetHints":{"allow":["GET"]}}],"collection":[{"href":"https:\/\/blogs.correiobraziliense.com.br\/cbpoder\/wp-json\/wp\/v2\/posts"}],"about":[{"href":"https:\/\/blogs.correiobraziliense.com.br\/cbpoder\/wp-json\/wp\/v2\/types\/post"}],"author":[{"embeddable":true,"href":"https:\/\/blogs.correiobraziliense.com.br\/cbpoder\/wp-json\/wp\/v2\/users\/90"}],"replies":[{"embeddable":true,"href":"https:\/\/blogs.correiobraziliense.com.br\/cbpoder\/wp-json\/wp\/v2\/comments?post=10485"}],"version-history":[{"count":1,"href":"https:\/\/blogs.correiobraziliense.com.br\/cbpoder\/wp-json\/wp\/v2\/posts\/10485\/revisions"}],"predecessor-version":[{"id":10487,"href":"https:\/\/blogs.correiobraziliense.com.br\/cbpoder\/wp-json\/wp\/v2\/posts\/10485\/revisions\/10487"}],"wp:attachment":[{"href":"https:\/\/blogs.correiobraziliense.com.br\/cbpoder\/wp-json\/wp\/v2\/media?parent=10485"}],"wp:term":[{"taxonomy":"category","embeddable":true,"href":"https:\/\/blogs.correiobraziliense.com.br\/cbpoder\/wp-json\/wp\/v2\/categories?post=10485"},{"taxonomy":"post_tag","embeddable":true,"href":"https:\/\/blogs.correiobraziliense.com.br\/cbpoder\/wp-json\/wp\/v2\/tags?post=10485"}],"curies":[{"name":"wp","href":"https:\/\/api.w.org\/{rel}","templated":true}]}}