{"id":10447,"date":"2018-01-30T16:59:37","date_gmt":"2018-01-30T18:59:37","guid":{"rendered":"https:\/\/blogs.correiobraziliense.com.br\/cbpoder\/?p=10447"},"modified":"2018-01-30T18:12:22","modified_gmt":"2018-01-30T20:12:22","slug":"policia-civil-confirma-que-funcionario-da-latam-foi-morto-por-ciumes","status":"publish","type":"post","link":"https:\/\/blogs.correiobraziliense.com.br\/cbpoder\/policia-civil-confirma-que-funcionario-da-latam-foi-morto-por-ciumes\/","title":{"rendered":"Pol\u00edcia Civil confirma que funcion\u00e1rio da Latam foi morto por ci\u00fames"},"content":{"rendered":"<p><strong>Bruno Lima<\/strong><\/p>\n<p>&nbsp;<\/p>\n<p>Investiga\u00e7\u00f5es da 1\u00aa Delegacia de Pol\u00edcia Civil (Asa Sul) confirmaram que o\u00a0funcion\u00e1rio da Latam Ricardo Pio Rodrigues, 42 anos, foi morto por ci\u00fames.\u00a0A corpora\u00e7\u00e3o concluiu o inqu\u00e9rito sobre o assassinato no Parque da Cidade e prestou esclarecimentos sobre o caso na tarde desta segunda-feira (30).<\/p>\n<p>&nbsp;<\/p>\n<p>De acordo com o delegado Ataliba Neto, o autor do disparo que matou Ricardo \u00e9 Frederico Bruno da Silva, 42 anos. <a href=\"https:\/\/blogs.correiobraziliense.com.br\/cbpoder\/preso-suspeito-de-assassinato-no-parque-da-cidade\/\" target=\"_blank\">Ele estava preso desde o dia 2 deste m\u00eas<\/a>. O suspeito tinha um relacionamento com a v\u00edtima havia dois anos e meio e cometeu o crime porque se sentia humilhado ap\u00f3s o t\u00e9rmino do namoro, de acordo com a Pol\u00edcia Civil.<\/p>\n<p>&nbsp;<\/p>\n<p>Os dois trabalhavam juntos. Frederico vai responder por homic\u00eddio qualificado por motivo f\u00fatil.\u00a0Ouvido no dia em que o corpo foi encontrado, ele mentiu durante o depoimento. Aos investigadores, disse que, na noite do crime, chegou\u00a0em casa por volta de 21h30 e n\u00e3o havia mais sa\u00eddo. No entanto, os registros de entrada e sa\u00edda do condom\u00ednio em que o suspeito mora mostram que ele deixou o local \u00e0s 00h51 e s\u00f3 retornou as 02h05.<\/p>\n<p>&nbsp;<\/p>\n<p>Diante das imagens, Frederico\u00a0confirmou que foi at\u00e9 o local, mas disse que apenas procurou por Ricardo durante vinte minutos e depois foi embora. Ele nega ter participado do assassinato, mas a pol\u00edcia n\u00e3o tem mais d\u00favidas sobre a motiva\u00e7\u00e3o e autoria do crime.<\/p>\n<p>&nbsp;<\/p>\n<p>A 1\u00aa D.P. tamb\u00e9m teve acesso a imagens de c\u00e2meras de seguran\u00e7a da \u00e1rea central de Bras\u00edlia que mostram o carro de Frederico entrando no Parque da Cidade. O corpo de Ricardo foi encontrado por vigilantes no estacionamento 2 da \u00e1rea, entre o Pavilh\u00e3o de Exposi\u00e7\u00f5es e uma pista de corrida, no dia 22 de dezembro.<\/p>\n<p>&nbsp;<\/p>\n<p>https:\/\/www.youtube.com\/watch?v=UX88IUV8HuU&#038;feature=youtu.be<\/p>\n<p>&nbsp;<\/p>\n<p>Amigos das v\u00edtimas contaram que Frederico \u00e9 uma pessoa possessiva e extremamente ciumenta. A arma do crime, um rev\u00f3lver calibre 32, n\u00e3o foi encontrado.\u00a0&#8220;Al\u00e9m das testemunhas, encontramos algumas mensagens no celular da v\u00edtima que mostravam essa possessividade e a vontade de Ricardo de se libertar do relacionamento. Tamb\u00e9m havia mensagens humilhantes da v\u00edtima para o autor&#8221;, contou Ataliba.<\/p>\n<p>&nbsp;<\/p>\n<p>&nbsp;<\/p>\n","protected":false},"excerpt":{"rendered":"<p>Bruno Lima &nbsp; Investiga\u00e7\u00f5es da 1\u00aa Delegacia de Pol\u00edcia Civil (Asa Sul) confirmaram que o\u00a0funcion\u00e1rio da Latam Ricardo Pio Rodrigues, 42 anos, foi morto por ci\u00fames.\u00a0A corpora\u00e7\u00e3o concluiu o inqu\u00e9rito sobre o assassinato no Parque da Cidade e prestou esclarecimentos sobre o caso na tarde desta segunda-feira (30). &nbsp; De acordo com o delegado Ataliba Neto, o autor do disparo [&hellip;]<\/p>\n","protected":false},"author":90,"featured_media":10453,"comment_status":"open","ping_status":"closed","sticky":false,"template":"","format":"standard","meta":{"footnotes":""},"categories":[234],"tags":[1074,1071,1073,1072,102],"class_list":["post-10447","post","type-post","status-publish","format-standard","has-post-thumbnail","hentry","category-cb-poder","tag-1a-dp","tag-assassinato","tag-ciumes","tag-latam","tag-policia-civil"],"_links":{"self":[{"href":"https:\/\/blogs.correiobraziliense.com.br\/cbpoder\/wp-json\/wp\/v2\/posts\/10447","targetHints":{"allow":["GET"]}}],"collection":[{"href":"https:\/\/blogs.correiobraziliense.com.br\/cbpoder\/wp-json\/wp\/v2\/posts"}],"about":[{"href":"https:\/\/blogs.correiobraziliense.com.br\/cbpoder\/wp-json\/wp\/v2\/types\/post"}],"author":[{"embeddable":true,"href":"https:\/\/blogs.correiobraziliense.com.br\/cbpoder\/wp-json\/wp\/v2\/users\/90"}],"replies":[{"embeddable":true,"href":"https:\/\/blogs.correiobraziliense.com.br\/cbpoder\/wp-json\/wp\/v2\/comments?post=10447"}],"version-history":[{"count":6,"href":"https:\/\/blogs.correiobraziliense.com.br\/cbpoder\/wp-json\/wp\/v2\/posts\/10447\/revisions"}],"predecessor-version":[{"id":10454,"href":"https:\/\/blogs.correiobraziliense.com.br\/cbpoder\/wp-json\/wp\/v2\/posts\/10447\/revisions\/10454"}],"wp:featuredmedia":[{"embeddable":true,"href":"https:\/\/blogs.correiobraziliense.com.br\/cbpoder\/wp-json\/wp\/v2\/media\/10453"}],"wp:attachment":[{"href":"https:\/\/blogs.correiobraziliense.com.br\/cbpoder\/wp-json\/wp\/v2\/media?parent=10447"}],"wp:term":[{"taxonomy":"category","embeddable":true,"href":"https:\/\/blogs.correiobraziliense.com.br\/cbpoder\/wp-json\/wp\/v2\/categories?post=10447"},{"taxonomy":"post_tag","embeddable":true,"href":"https:\/\/blogs.correiobraziliense.com.br\/cbpoder\/wp-json\/wp\/v2\/tags?post=10447"}],"curies":[{"name":"wp","href":"https:\/\/api.w.org\/{rel}","templated":true}]}}