{"id":10445,"date":"2018-01-30T18:30:59","date_gmt":"2018-01-30T20:30:59","guid":{"rendered":"https:\/\/blogs.correiobraziliense.com.br\/cbpoder\/?p=10445"},"modified":"2018-01-30T19:27:48","modified_gmt":"2018-01-30T21:27:48","slug":"cecor-promove-primeira-operacao-com-prisao-de-organizacao-criminosa-com-atuacao-nacional-e-apoio-da-policiais-militares-no-rio","status":"publish","type":"post","link":"https:\/\/blogs.correiobraziliense.com.br\/cbpoder\/cecor-promove-primeira-operacao-com-prisao-de-organizacao-criminosa-com-atuacao-nacional-e-apoio-da-policiais-militares-no-rio\/","title":{"rendered":"Cecor deflagra primeira opera\u00e7\u00e3o para prender organiza\u00e7\u00e3o criminosa com atua\u00e7\u00e3o nacional e prote\u00e7\u00e3o de policiais militares do Rio"},"content":{"rendered":"<p>ANA MARIA CAMPOS<\/p>\n<p>A rec\u00e9m-criada Coordena\u00e7\u00e3o de Combate ao Crime Organizado, contra a Administra\u00e7\u00e3o P\u00fablica e a Ordem Tribut\u00e1ria (Cecor) deflagrou, no Rio de Janeiro e em Joinville, a primeira opera\u00e7\u00e3o para prender uma organiza\u00e7\u00e3o criminosa. Trata-se de um esquema com atua\u00e7\u00e3o em v\u00e1rias cidades do pa\u00eds e apoio de policiais militares no Rio de Janeiro. Os criminosos s\u00e3o suspeitos de viajar o Brasil para furtar ag\u00eancias banc\u00e1rias impunemente e se tornaram alvo da Pol\u00edcia Civil do DF em julho do ano passado, quando vieram a Bras\u00edlia para arrombar caixas de autoatendimento de um terminal do Banco do Brasil em \u00c1guas Claras. Na ocasi\u00e3o, eles levaram R$ 150 mil em esp\u00e9cie.<\/p>\n<p>Desde ent\u00e3o, os suspeitos vinham sendo investigados pelos policiais da Delegacia de Repress\u00e3o a Roubos e Furtos (DRF). Na madrugada de s\u00e1bado (27\/01), uma equipe da\u00a0Divis\u00e3o de Repress\u00e3o ao Crime Organizado (Draco) deflagrou a Opera\u00e7\u00e3o Terebro e prendeu em flagrante sete suspeitos, autuados no momento em que tentavam roubar o cofre central da ag\u00eancia do Banco do Brasil na Estrada dos Bandeirantes, em Vargem Grande (RJ). Tr\u00eas deles s\u00e3o oriundos de Joinville e se tornaram especialistas em furtar ag\u00eancias do Banco do Brasil e do Santander, arrombando terminais de autoatendimento com uso de serra de corte tipo &#8220;serra copo&#8221; e os cofres centrais, por meio de lixadeiras e alavancas. Terebro, o nome da opera\u00e7\u00e3o, significa furadeira em latim, numa refer\u00eancia aos arrombamentos.<\/p>\n<p>Durante a investiga\u00e7\u00e3o, policiais civis do DF descobriram que eles viajariam para o Rio para conseguir uma bolada. Na cidade, os bandidos foram recebidos por dois policiais militares que ficaram respons\u00e1veis pela seguran\u00e7a do grupo. Os dois PMs foram presos. H\u00e1 duas semanas, eles chegaram no Rio e e se dedicaram a realizar levantamentos em diversas cidades do estado para escolher a ag\u00eancia a ser roubada. Na hora em que chegaram ao banco em Vargem Grande, foram surpreendidos por uma equipe da Cecor antes de arrombar o cofre.<\/p>\n<p>Na hora do flagrante, os policiais apreenderam v\u00e1rias ferramentas utilizadas nos arrombamentos, um r\u00e1dio comunicador da Pol\u00edcia Civil do Rio de Janeiro e uma arma de fogo da marca Glock. Durante a opera\u00e7\u00e3o Terebro, houve cumprimento de 12 mandados de busca e apreens\u00e3o de cinco carros, entre os quais uma BMW X1.\u00a0Tamb\u00e9m foram cumpridas buscas em Joinville onde foram apreendidos tr\u00eas ve\u00edculos e vestes utilizadas pelos autores nos arrombamentos no DF. Somente um suspeito de integrar o grupo n\u00e3o foi preso, pois n\u00e3o viajou para o Rio de Janeiro e n\u00e3o foi localizado em Joinville. Est\u00e1 foragido.<\/p>\n<p>Os sete presos foram transferidos para Bras\u00edlia em dois voos no \u00faltimo domingo (28\/01). Parte chegou em avi\u00e3o da pr\u00f3pria Pol\u00edcia Civil do DF (foto) e os demais vieram em aeronave cedida pela Pol\u00edcia Federal (PF).<\/p>\n<p>A cria\u00e7\u00e3o da Cecor, sob a responsabilidade do delegado Fernando Cesar Costa, possibilitou a participa\u00e7\u00e3o de uma equipe de tr\u00eas delegados e v\u00e1rios agentes que viajaram ao Rio de Janeiro e Joinville, sem interferir na rotina dos trabalhos das delegacias. A investiga\u00e7\u00e3o teve origem na DRF, mas, por se tratar de crime organizado, foi transferida para a nova coordena\u00e7\u00e3o, que come\u00e7ou a funcionar h\u00e1 10 dias.<\/p>\n<p>&nbsp;<\/p>\n","protected":false},"excerpt":{"rendered":"<p>ANA MARIA CAMPOS A rec\u00e9m-criada Coordena\u00e7\u00e3o de Combate ao Crime Organizado, contra a Administra\u00e7\u00e3o P\u00fablica e a Ordem Tribut\u00e1ria (Cecor) deflagrou, no Rio de Janeiro e em Joinville, a primeira opera\u00e7\u00e3o para prender uma organiza\u00e7\u00e3o criminosa. Trata-se de um esquema com atua\u00e7\u00e3o em v\u00e1rias cidades do pa\u00eds e apoio de policiais militares no Rio de Janeiro. Os criminosos s\u00e3o suspeitos [&hellip;]<\/p>\n","protected":false},"author":9,"featured_media":10446,"comment_status":"open","ping_status":"closed","sticky":false,"template":"","format":"standard","meta":{"footnotes":""},"categories":[234],"tags":[1077,1051,1080,542,942,1079,1078],"class_list":["post-10445","post","type-post","status-publish","format-standard","has-post-thumbnail","hentry","category-cb-poder","tag-bancos","tag-cecor","tag-draco","tag-drf","tag-fernando-cesar-costa","tag-joinville","tag-rio-de-janeiro"],"_links":{"self":[{"href":"https:\/\/blogs.correiobraziliense.com.br\/cbpoder\/wp-json\/wp\/v2\/posts\/10445","targetHints":{"allow":["GET"]}}],"collection":[{"href":"https:\/\/blogs.correiobraziliense.com.br\/cbpoder\/wp-json\/wp\/v2\/posts"}],"about":[{"href":"https:\/\/blogs.correiobraziliense.com.br\/cbpoder\/wp-json\/wp\/v2\/types\/post"}],"author":[{"embeddable":true,"href":"https:\/\/blogs.correiobraziliense.com.br\/cbpoder\/wp-json\/wp\/v2\/users\/9"}],"replies":[{"embeddable":true,"href":"https:\/\/blogs.correiobraziliense.com.br\/cbpoder\/wp-json\/wp\/v2\/comments?post=10445"}],"version-history":[{"count":7,"href":"https:\/\/blogs.correiobraziliense.com.br\/cbpoder\/wp-json\/wp\/v2\/posts\/10445\/revisions"}],"predecessor-version":[{"id":10462,"href":"https:\/\/blogs.correiobraziliense.com.br\/cbpoder\/wp-json\/wp\/v2\/posts\/10445\/revisions\/10462"}],"wp:featuredmedia":[{"embeddable":true,"href":"https:\/\/blogs.correiobraziliense.com.br\/cbpoder\/wp-json\/wp\/v2\/media\/10446"}],"wp:attachment":[{"href":"https:\/\/blogs.correiobraziliense.com.br\/cbpoder\/wp-json\/wp\/v2\/media?parent=10445"}],"wp:term":[{"taxonomy":"category","embeddable":true,"href":"https:\/\/blogs.correiobraziliense.com.br\/cbpoder\/wp-json\/wp\/v2\/categories?post=10445"},{"taxonomy":"post_tag","embeddable":true,"href":"https:\/\/blogs.correiobraziliense.com.br\/cbpoder\/wp-json\/wp\/v2\/tags?post=10445"}],"curies":[{"name":"wp","href":"https:\/\/api.w.org\/{rel}","templated":true}]}}