{"id":10409,"date":"2018-01-25T06:00:54","date_gmt":"2018-01-25T08:00:54","guid":{"rendered":"https:\/\/blogs.correiobraziliense.com.br\/cbpoder\/?p=10409"},"modified":"2018-01-24T20:32:57","modified_gmt":"2018-01-24T22:32:57","slug":"decisao-sobre-comando-do-psdb-df-pode-ficar-nas-maos-da-executiva-nacional","status":"publish","type":"post","link":"https:\/\/blogs.correiobraziliense.com.br\/cbpoder\/decisao-sobre-comando-do-psdb-df-pode-ficar-nas-maos-da-executiva-nacional\/","title":{"rendered":"Decis\u00e3o sobre comando do PSDB-DF pode ficar nas m\u00e3os da Executiva Nacional"},"content":{"rendered":"<p>Se o presidente do PSDB nacional, Geraldo Alckmin, n\u00e3o tomar uma decis\u00e3o antes de o mandato de Izalci Lucas na Executiva Regional Provis\u00f3ria do partido terminar, o destino do comando da legenda no DF pode ser tra\u00e7ado na reuni\u00e3o da Executiva Nacional, em 7 de fevereiro. A interven\u00e7\u00e3o que colocou o deputado federal no cargo termina no dia 4. H\u00e1 a possibilidade de convoca\u00e7\u00e3o de elei\u00e7\u00f5es ou de prorroga\u00e7\u00e3o do mandato provis\u00f3rio por 120 dias. O ex-presidente do PSDB no DF, M\u00e1rcio Machado, conversou sobre o assunto com o secret\u00e1rio-geral, deputado Marcus Pestana (MG). \u201cTodos n\u00f3s estamos buscando entendimento\u201d, diz Machado. O ideal, na vis\u00e3o dele, seria haver elei\u00e7\u00f5es, sa\u00edda \u201cmais democr\u00e1tica\u201d.<\/p>\n<p>&nbsp;<\/p>\n<h2><b>Sem clima<\/b><\/h2>\n<p>&nbsp;<\/p>\n<p><span style=\"font-weight: 400\">Em comunicado enviado aos integrantes do PSDB no DF, Izalci adiou a reuni\u00e3o da pr\u00f3xima segunda-feira para 26 de fevereiro. Grupo contr\u00e1rio \u00e0 perman\u00eancia dele afirma que a atitude descumpre o regimento do partido, j\u00e1 que n\u00e3o h\u00e1 previs\u00e3o de continuidade do mandato provis\u00f3rio. Outros acreditam que ele preferiu evitar confrontos para n\u00e3o aumentar a crise interna.<\/span><\/p>\n","protected":false},"excerpt":{"rendered":"<p>Se o presidente do PSDB nacional, Geraldo Alckmin, n\u00e3o tomar uma decis\u00e3o antes de o mandato de Izalci Lucas na Executiva Regional Provis\u00f3ria do partido terminar, o destino do comando da legenda no DF pode ser tra\u00e7ado na reuni\u00e3o da Executiva Nacional, em 7 de fevereiro. A interven\u00e7\u00e3o que colocou o deputado federal no cargo termina no dia 4. H\u00e1 [&hellip;]<\/p>\n","protected":false},"author":90,"featured_media":7591,"comment_status":"open","ping_status":"closed","sticky":false,"template":"","format":"standard","meta":{"footnotes":""},"categories":[234],"tags":[1040,949,1049,494],"class_list":["post-10409","post","type-post","status-publish","format-standard","has-post-thumbnail","hentry","category-cb-poder","tag-alckmin","tag-izalci","tag-marcio-machado","tag-psdb"],"_links":{"self":[{"href":"https:\/\/blogs.correiobraziliense.com.br\/cbpoder\/wp-json\/wp\/v2\/posts\/10409","targetHints":{"allow":["GET"]}}],"collection":[{"href":"https:\/\/blogs.correiobraziliense.com.br\/cbpoder\/wp-json\/wp\/v2\/posts"}],"about":[{"href":"https:\/\/blogs.correiobraziliense.com.br\/cbpoder\/wp-json\/wp\/v2\/types\/post"}],"author":[{"embeddable":true,"href":"https:\/\/blogs.correiobraziliense.com.br\/cbpoder\/wp-json\/wp\/v2\/users\/90"}],"replies":[{"embeddable":true,"href":"https:\/\/blogs.correiobraziliense.com.br\/cbpoder\/wp-json\/wp\/v2\/comments?post=10409"}],"version-history":[{"count":1,"href":"https:\/\/blogs.correiobraziliense.com.br\/cbpoder\/wp-json\/wp\/v2\/posts\/10409\/revisions"}],"predecessor-version":[{"id":10410,"href":"https:\/\/blogs.correiobraziliense.com.br\/cbpoder\/wp-json\/wp\/v2\/posts\/10409\/revisions\/10410"}],"wp:featuredmedia":[{"embeddable":true,"href":"https:\/\/blogs.correiobraziliense.com.br\/cbpoder\/wp-json\/wp\/v2\/media\/7591"}],"wp:attachment":[{"href":"https:\/\/blogs.correiobraziliense.com.br\/cbpoder\/wp-json\/wp\/v2\/media?parent=10409"}],"wp:term":[{"taxonomy":"category","embeddable":true,"href":"https:\/\/blogs.correiobraziliense.com.br\/cbpoder\/wp-json\/wp\/v2\/categories?post=10409"},{"taxonomy":"post_tag","embeddable":true,"href":"https:\/\/blogs.correiobraziliense.com.br\/cbpoder\/wp-json\/wp\/v2\/tags?post=10409"}],"curies":[{"name":"wp","href":"https:\/\/api.w.org\/{rel}","templated":true}]}}