{"id":10384,"date":"2018-01-22T23:52:36","date_gmt":"2018-01-23T01:52:36","guid":{"rendered":"https:\/\/blogs.correiobraziliense.com.br\/cbpoder\/?p=10384"},"modified":"2018-01-22T23:52:36","modified_gmt":"2018-01-23T01:52:36","slug":"delegado-chefe-da-cecor-reforca-importancia-de-investigacao-qualificada-no-combate-a-corrupcao","status":"publish","type":"post","link":"https:\/\/blogs.correiobraziliense.com.br\/cbpoder\/delegado-chefe-da-cecor-reforca-importancia-de-investigacao-qualificada-no-combate-a-corrupcao\/","title":{"rendered":"Delegado-chefe da Cecor refor\u00e7a import\u00e2ncia de &#8220;investiga\u00e7\u00e3o qualificada&#8221; no combate \u00e0 corrup\u00e7\u00e3o"},"content":{"rendered":"<p><strong>Bruno Lima<\/strong><\/p>\n<p>&nbsp;<\/p>\n<p><span style=\"font-weight: 400\">O combate \u00e0 corrup\u00e7\u00e3o na administra\u00e7\u00e3o p\u00fablica, ao crime organizado e \u00e0 sonega\u00e7\u00e3o fiscal foram temas do programa <\/span><i><span style=\"font-weight: 400\">CB.Poder<\/span><\/i><span style=\"font-weight: 400\"> desta segunda-feira (22\/1), que foi ao ar pela TV Bras\u00edlia. O delegado Fernando C\u00e9sar Costa falou sobre a coordena\u00e7\u00e3o que vai concentrar os trabalhos relacionados a esses crimes, a Cecor. Ele destacou que, em ano de elei\u00e7\u00e3o, o desafio de combater a corrup\u00e7\u00e3o ser\u00e1 ainda maior, e deve ocorrer por meio de investiga\u00e7\u00f5es qualificadas.<\/span><\/p>\n<p>&nbsp;<\/p>\n<p><span style=\"font-weight: 400\">&#8220;Dentro de um contexto econ\u00f4mico de escassez de recursos e de um contexto pol\u00edtico de proibi\u00e7\u00e3o de financiamento de campanhas por empresas privadas, \u00e9 l\u00f3gico que h\u00e1 um risco muito grande de um ataque aos cofres p\u00fablicos ou de uma migra\u00e7\u00e3o de recursos de fac\u00e7\u00f5es criminosas, por exemplo, para financiamento de campanha&#8221;, disse.<\/span><\/p>\n<p>&nbsp;<\/p>\n<p><span style=\"font-weight: 400\">O delegado reconheceu que ser\u00e1 um grande desafio, por se tratar de uma coordena\u00e7\u00e3o com quatro delegacias. Durante a entrevista, o delegado afirmou que a jun\u00e7\u00e3o das unidades vai agilizar os trabalhos e evitar retrabalho. \u201cMuitas vezes, as investiga\u00e7\u00f5es tinham pontos de interse\u00e7\u00e3o e, por estarem em unidades diferentes, n\u00e3o eram conectadas\u201d, contou.<\/span><\/p>\n<p>&nbsp;<\/p>\n<p><span style=\"font-weight: 400\">Essa ser\u00e1 a primeira delegacia do pa\u00eds a seguir o formato. De acordo com ele, se trata de uma reorganiza\u00e7\u00e3o dos recursos humanos e materiais que trar\u00e1 mais efetividade \u00e0s opera\u00e7\u00f5es, sem nenhum custo adicional. \u201cA cria\u00e7\u00e3o dessa delegacia est\u00e1 inserida dentro de um projeto de moderniza\u00e7\u00e3o do departamento\u201d, ressaltou.<\/span><\/p>\n<p>&nbsp;<\/p>\n<p><em>Confira a integra:<\/em><\/p>\n<p>&nbsp;<\/p>\n<p>https:\/\/www.youtube.com\/watch?v=CPtspjd0hcY<\/p>\n<p>&nbsp;<\/p>\n<p>https:\/\/www.youtube.com\/watch?v=TKCof-G97QY<\/p>\n<p>&nbsp;<\/p>\n","protected":false},"excerpt":{"rendered":"<p>Bruno Lima &nbsp; O combate \u00e0 corrup\u00e7\u00e3o na administra\u00e7\u00e3o p\u00fablica, ao crime organizado e \u00e0 sonega\u00e7\u00e3o fiscal foram temas do programa CB.Poder desta segunda-feira (22\/1), que foi ao ar pela TV Bras\u00edlia. O delegado Fernando C\u00e9sar Costa falou sobre a coordena\u00e7\u00e3o que vai concentrar os trabalhos relacionados a esses crimes, a Cecor. Ele destacou que, em ano de elei\u00e7\u00e3o, o [&hellip;]<\/p>\n","protected":false},"author":90,"featured_media":10374,"comment_status":"open","ping_status":"closed","sticky":false,"template":"","format":"standard","meta":{"footnotes":""},"categories":[234],"tags":[1051,225,217,129],"class_list":["post-10384","post","type-post","status-publish","format-standard","has-post-thumbnail","hentry","category-cb-poder","tag-cecor","tag-corrupcao","tag-eleicao","tag-investigacao"],"_links":{"self":[{"href":"https:\/\/blogs.correiobraziliense.com.br\/cbpoder\/wp-json\/wp\/v2\/posts\/10384","targetHints":{"allow":["GET"]}}],"collection":[{"href":"https:\/\/blogs.correiobraziliense.com.br\/cbpoder\/wp-json\/wp\/v2\/posts"}],"about":[{"href":"https:\/\/blogs.correiobraziliense.com.br\/cbpoder\/wp-json\/wp\/v2\/types\/post"}],"author":[{"embeddable":true,"href":"https:\/\/blogs.correiobraziliense.com.br\/cbpoder\/wp-json\/wp\/v2\/users\/90"}],"replies":[{"embeddable":true,"href":"https:\/\/blogs.correiobraziliense.com.br\/cbpoder\/wp-json\/wp\/v2\/comments?post=10384"}],"version-history":[{"count":1,"href":"https:\/\/blogs.correiobraziliense.com.br\/cbpoder\/wp-json\/wp\/v2\/posts\/10384\/revisions"}],"predecessor-version":[{"id":10385,"href":"https:\/\/blogs.correiobraziliense.com.br\/cbpoder\/wp-json\/wp\/v2\/posts\/10384\/revisions\/10385"}],"wp:featuredmedia":[{"embeddable":true,"href":"https:\/\/blogs.correiobraziliense.com.br\/cbpoder\/wp-json\/wp\/v2\/media\/10374"}],"wp:attachment":[{"href":"https:\/\/blogs.correiobraziliense.com.br\/cbpoder\/wp-json\/wp\/v2\/media?parent=10384"}],"wp:term":[{"taxonomy":"category","embeddable":true,"href":"https:\/\/blogs.correiobraziliense.com.br\/cbpoder\/wp-json\/wp\/v2\/categories?post=10384"},{"taxonomy":"post_tag","embeddable":true,"href":"https:\/\/blogs.correiobraziliense.com.br\/cbpoder\/wp-json\/wp\/v2\/tags?post=10384"}],"curies":[{"name":"wp","href":"https:\/\/api.w.org\/{rel}","templated":true}]}}