{"id":10373,"date":"2018-01-20T06:00:35","date_gmt":"2018-01-20T08:00:35","guid":{"rendered":"https:\/\/blogs.correiobraziliense.com.br\/cbpoder\/?p=10373"},"modified":"2018-01-20T16:13:20","modified_gmt":"2018-01-20T18:13:20","slug":"delegado-cecor-delegacia-investiga-corrupcao-eleicoes","status":"publish","type":"post","link":"https:\/\/blogs.correiobraziliense.com.br\/cbpoder\/delegado-cecor-delegacia-investiga-corrupcao-eleicoes\/","title":{"rendered":"&#8220;Sabemos que estamos em ano de elei\u00e7\u00e3o e que haver\u00e1 ataques aos cofres p\u00fablicos&#8221;, diz delegado-chefe da Cecor"},"content":{"rendered":"<p><strong>Bruno Lima<\/strong><\/p>\n<p><span style=\"font-weight: 400\">A Pol\u00edcia Civil do Distrito Federal criou,\u00a0nesta sexta-feira (19\/01), uma a coordena\u00e7\u00e3o de combate ao crime organizado, contra a administra\u00e7\u00e3o p\u00fablica e a ordem tribut\u00e1ria. A ideia \u00e9 evitar o retrabalho de esferas da corpora\u00e7\u00e3o, integrar as investiga\u00e7\u00f5es e dar mais celeridade aos processos. \u00c0 frente da coordena\u00e7\u00e3o especializada, batizada de Cecor, est\u00e1 o delegado Fernando C\u00e9sar Costa, at\u00e9 ent\u00e3o comandante da Delegacia de Repress\u00e3o a Roubos e Furtos (DRF).<\/span><\/p>\n<p>&nbsp;<\/p>\n<p>O novo n\u00facleo re\u00fane grandes investiga\u00e7\u00f5es, como a Dr\u00e1con, que apura a concess\u00e3o de emendas parlamentares em troca do recebimento de propina, e a Panoptes, a qual desarticulou um esquema de venda de aprova\u00e7\u00f5es em concursos p\u00fablicos e vestibulares. O time conta com o delegado Wenderson Souza e Teles \u00e0 frente da Divis\u00e3o de Repress\u00e3o aos Crimes contra a Administra\u00e7\u00e3o P\u00fablica (Decap); Adriano Valente na Divis\u00e3o de Repress\u00e3o ao Crime Organizado (Deco); e Virgilio Agnaldo, respons\u00e1vel pela Divis\u00e3o de Repress\u00e3o aos Crimes contra a Ordem Tribut\u00e1ria (Dicot).<\/p>\n<p>&nbsp;<\/p>\n<p>Ao todo, atuar\u00e3o na Cecor\u00a0 70 a 80 agentes, 10 a 11 delegados, al\u00e9m de 10 a 11 escriv\u00e3es. Ao <strong>Correio<\/strong>, o chefe da Coordena\u00e7\u00e3o disse conhecer as dificuldades e a magnitude do desafio, mas classificou a nomea\u00e7\u00e3o como &#8220;um momento \u00fanico&#8221;. &#8220;Encaro como uma oportunidade de trabalhar em parceria com o Minist\u00e9rio P\u00fablico e com o poder Judici\u00e1rio na constru\u00e7\u00e3o de uma Bras\u00edlia melhor&#8221;, ressaltou. Confira\u00a0a\u00a0entrevista completa.<\/p>\n<p>&nbsp;<\/p>\n<h2><\/h2>\n<p><b>Como a uni\u00e3o das estruturas de tr\u00eas delegacias refor\u00e7ar\u00e1 as investiga\u00e7\u00f5es de cada uma delas?<\/b><\/p>\n<p><span style=\"font-weight: 400\">Acontecia, muitas vezes, de uma delegacia fazer um trabalho que impactava na investiga\u00e7\u00e3o de outra unidade. Isso gerava um retrabalho, um conflito entre essas unidades durante investiga\u00e7\u00f5es. Trazendo para o mesmo guarda-chuva da coordena\u00e7\u00e3o, vamos evitar isso e tratar de uma forma mais eficiente a repress\u00e3o a esse tipo de conduta (crime organizado), sem contar na possibilidade de uma mobiliza\u00e7\u00e3o de efetivo. Vai dar mais agilidade \u00e0s investiga\u00e7\u00f5es.<\/span><\/p>\n<p>&nbsp;<\/p>\n<p><b>Em ano eleitoral, as investiga\u00e7\u00f5es envolvendo agentes p\u00fablicos ser\u00e3o intensificadas?<\/b><\/p>\n<p><span style=\"font-weight: 400\">N\u00f3s sabemos que estamos em ano de elei\u00e7\u00e3o e que vai haver ataques aos cofres p\u00fablicos, visando um aparelhamento para o pleito. Sabemos que, possivelmente, v\u00e1 haver uma arrecada\u00e7\u00e3o de recursos n\u00e3o contabilizados, tamb\u00e9m pensando nas pr\u00f3ximas elei\u00e7\u00f5es, independentemente de partidos e candidatos. Isso, sem d\u00favida nenhuma, vai ser alvo de monitoramento por conta da nova coordena\u00e7\u00e3o.<\/span><\/p>\n<p>&nbsp;<\/p>\n<p><b>Como avalia a resist\u00eancia que parte da corpora\u00e7\u00e3o tem mostrado em rela\u00e7\u00e3o \u00e0 mudan\u00e7a?<\/b><\/p>\n<p><span style=\"font-weight: 400\">Essa resist\u00eancia \u00e9, sobretudo, daquelas pessoas que t\u00eam algum receio de acabarem sendo alvo das investiga\u00e7\u00f5es que ser\u00e3o feitas por essa nova unidade. \u00c9 a \u00fanica leitura que eu consigo fazer. N\u00e3o houve impacto financeiros, n\u00e3o houve preju\u00edzo para as unidades de pol\u00edcia circunscricional. N\u00f3s estamos somando esfor\u00e7os para combater a corrup\u00e7\u00e3o e permitir, com isso, que o Estado tenha melhores condi\u00e7\u00f5es de atender a sociedade. Quem se op\u00f5e a isso \u00e9 quem tem algum interesse n\u00e3o republicano.<\/span><\/p>\n<p>&nbsp;<\/p>\n<p><b>De onde vir\u00e3o os recursos da coordena\u00e7\u00e3o?<\/b><\/p>\n<p><span style=\"font-weight: 400\">N\u00f3s estamos incrementando a capacidade de investiga\u00e7\u00e3o dessas unidades sem gerar despesas para o governo com cria\u00e7\u00e3o de cargos. Isso \u00e9 muito importante, estamos otimizando estruturas de investiga\u00e7\u00e3o. Cada uma das divis\u00f5es contava com uma unidade de investiga\u00e7\u00e3o espec\u00edfica. Com o novo formato, a Decap e a Deco passam a contar com tr\u00eas se\u00e7\u00f5es de investiga\u00e7\u00e3o. Triplica a capacidade sem aumento de despesa do governo. \u00c9 uma quest\u00e3o de realoca\u00e7\u00e3o dos recursos e da estrutura.<\/span><\/p>\n<p>&nbsp;<\/p>\n<p><b>Como voc\u00ea encara esse desafio?<\/b><\/p>\n<p><span style=\"font-weight: 400\">Esses seis em que eu estive \u00e0 frente da DRF permitiram trabalhar com investiga\u00e7\u00f5es complexas. Eu j\u00e1 tive uma experi\u00eancia anterior na divis\u00e3o de repress\u00e3o ao crime organizado como diretor-adjunto. Passei quatro anos l\u00e1. Conhe\u00e7o as dificuldades, sei que \u00e9 um grande desafio, mas sei que \u00e9 um momento \u00fanico. Encaro como uma oportunidade de trabalhar em parceria com o Minist\u00e9rio P\u00fablico e com o poder Judici\u00e1rio na constru\u00e7\u00e3o de uma Bras\u00edlia melhor.<\/span><\/p>\n<p>&nbsp;<\/p>\n","protected":false},"excerpt":{"rendered":"<p>Bruno Lima A Pol\u00edcia Civil do Distrito Federal criou,\u00a0nesta sexta-feira (19\/01), uma a coordena\u00e7\u00e3o de combate ao crime organizado, contra a administra\u00e7\u00e3o p\u00fablica e a ordem tribut\u00e1ria. A ideia \u00e9 evitar o retrabalho de esferas da corpora\u00e7\u00e3o, integrar as investiga\u00e7\u00f5es e dar mais celeridade aos processos. \u00c0 frente da coordena\u00e7\u00e3o especializada, batizada de Cecor, est\u00e1 o delegado Fernando C\u00e9sar Costa, [&hellip;]<\/p>\n","protected":false},"author":90,"featured_media":10374,"comment_status":"open","ping_status":"closed","sticky":false,"template":"","format":"standard","meta":{"footnotes":""},"categories":[234],"tags":[1052,1051,535,473,1055,481,102,1053,1054],"class_list":["post-10373","post","type-post","status-publish","format-standard","has-post-thumbnail","hentry","category-cb-poder","tag-adriano-valente","tag-cecor","tag-decap","tag-deco","tag-dicot","tag-fernando-cesar","tag-policia-civil","tag-virgilio-agnaldo","tag-wenderson-souza"],"_links":{"self":[{"href":"https:\/\/blogs.correiobraziliense.com.br\/cbpoder\/wp-json\/wp\/v2\/posts\/10373","targetHints":{"allow":["GET"]}}],"collection":[{"href":"https:\/\/blogs.correiobraziliense.com.br\/cbpoder\/wp-json\/wp\/v2\/posts"}],"about":[{"href":"https:\/\/blogs.correiobraziliense.com.br\/cbpoder\/wp-json\/wp\/v2\/types\/post"}],"author":[{"embeddable":true,"href":"https:\/\/blogs.correiobraziliense.com.br\/cbpoder\/wp-json\/wp\/v2\/users\/90"}],"replies":[{"embeddable":true,"href":"https:\/\/blogs.correiobraziliense.com.br\/cbpoder\/wp-json\/wp\/v2\/comments?post=10373"}],"version-history":[{"count":4,"href":"https:\/\/blogs.correiobraziliense.com.br\/cbpoder\/wp-json\/wp\/v2\/posts\/10373\/revisions"}],"predecessor-version":[{"id":10378,"href":"https:\/\/blogs.correiobraziliense.com.br\/cbpoder\/wp-json\/wp\/v2\/posts\/10373\/revisions\/10378"}],"wp:featuredmedia":[{"embeddable":true,"href":"https:\/\/blogs.correiobraziliense.com.br\/cbpoder\/wp-json\/wp\/v2\/media\/10374"}],"wp:attachment":[{"href":"https:\/\/blogs.correiobraziliense.com.br\/cbpoder\/wp-json\/wp\/v2\/media?parent=10373"}],"wp:term":[{"taxonomy":"category","embeddable":true,"href":"https:\/\/blogs.correiobraziliense.com.br\/cbpoder\/wp-json\/wp\/v2\/categories?post=10373"},{"taxonomy":"post_tag","embeddable":true,"href":"https:\/\/blogs.correiobraziliense.com.br\/cbpoder\/wp-json\/wp\/v2\/tags?post=10373"}],"curies":[{"name":"wp","href":"https:\/\/api.w.org\/{rel}","templated":true}]}}