{"id":10371,"date":"2018-01-20T06:00:50","date_gmt":"2018-01-20T08:00:50","guid":{"rendered":"https:\/\/blogs.correiobraziliense.com.br\/cbpoder\/?p=10371"},"modified":"2018-01-20T16:19:18","modified_gmt":"2018-01-20T18:19:18","slug":"ala-de-oposicao-a-izalci-busca-saida-para-tira-lo-do-comando-do-psdb-df","status":"publish","type":"post","link":"https:\/\/blogs.correiobraziliense.com.br\/cbpoder\/ala-de-oposicao-a-izalci-busca-saida-para-tira-lo-do-comando-do-psdb-df\/","title":{"rendered":"Ala de oposi\u00e7\u00e3o a Izalci busca sa\u00edda para tir\u00e1-lo do comando do PSDB-DF"},"content":{"rendered":"<p>Os atritos entre as duas frentes que dividem o PSDB-DF se intensificam. Ap\u00f3s a expira\u00e7\u00e3o do prazo estipulado pelo presidente da regional, Izalci Lucas, para que tucanos que ocupam cargos na gest\u00e3o Rollemberg pedissem exonera\u00e7\u00e3o ou se licenciassem do partido, o chefe da Assessoria de Gest\u00e3o Estrat\u00e9gica e Projetos da Sedestmidh, Hor\u00e1cio Lessa, subiu o tom. \u201cCumpre salientar que o pr\u00f3prio Estatuto do PSDB n\u00e3o ampara a atitude opressora e tir\u00e2nica de V. Exa., no sentido de penalizar os filiados que comp\u00f5em o governo\u201d, alfinetou, em e-mail enviado na madrugada de ontem. Mais cedo, o distrital Rob\u00e9rio Negreiros, havia vinculado a postura de Izalci ao desejo de apoio \u201caos seus interesses pessoais e para seu malsucedido projeto de candidatura ao GDF\u201d.<\/p>\n<p>&nbsp;<\/p>\n<h2><b>Mais 120 dias de Izalci?<\/b><\/h2>\n<p><span style=\"font-weight: 400\">A ala de oposi\u00e7\u00e3o a Izalci Lucas tenta encontrar uma sa\u00edda para retir\u00e1-lo do comando do ninho brasiliense. Ex-presidente da sigla na capital, M\u00e1rcio Machado tem um encontro marcado com o secret\u00e1rio-geral do partido, Marcus Pestana, na pr\u00f3xima ter\u00e7a-feira, e vai abordar a postura do deputado federal. Tamb\u00e9m devem comparecer a ex-governadora Maria de Lourdes Abadia e Rob\u00e9rio Negreiros. O grupo considera procurar o presidente da Executiva Nacional e pr\u00e9-candidato ao Planalto, Geraldo Alckmin, para o di\u00e1logo. A vig\u00eancia da Executiva Regional Provis\u00f3ria, encabe\u00e7ada por Izalci, vence no pr\u00f3ximo dia 4. Ele, contudo, pretende ignorar as urnas do partido outra vez renovar o pr\u00f3prio mandato por mais 120 dias.<\/span><\/p>\n<p>&nbsp;<\/p>\n<h2><b>Em busca da paz<\/b><\/h2>\n<p><span style=\"font-weight: 400\">Em meio \u00e0s fa\u00edscas, Marcus Pestana busca apaziguar a situa\u00e7\u00e3o. Companheiro de bancada de Izalci, o deputado federal por Minas Gerais afirma que \u201c\u00e9 solid\u00e1rio\u201d quanto aos planos do colega e acredita que a situa\u00e7\u00e3o possa ser resolvida por meio do di\u00e1logo. \u201cComo diria Ulysses Guimar\u00e3es: <\/span><span style=\"font-weight: 400\">\u2018a saliva \u00e9 a mat\u00e9ria-prima da pol\u00edtica\u2019\u201d, pondera.<\/span><\/p>\n","protected":false},"excerpt":{"rendered":"<p>Os atritos entre as duas frentes que dividem o PSDB-DF se intensificam. Ap\u00f3s a expira\u00e7\u00e3o do prazo estipulado pelo presidente da regional, Izalci Lucas, para que tucanos que ocupam cargos na gest\u00e3o Rollemberg pedissem exonera\u00e7\u00e3o ou se licenciassem do partido, o chefe da Assessoria de Gest\u00e3o Estrat\u00e9gica e Projetos da Sedestmidh, Hor\u00e1cio Lessa, subiu o tom. \u201cCumpre salientar que o [&hellip;]<\/p>\n","protected":false},"author":90,"featured_media":7591,"comment_status":"open","ping_status":"closed","sticky":false,"template":"","format":"standard","meta":{"footnotes":""},"categories":[234],"tags":[950,1048,949,1049,1050,494,665],"class_list":["post-10371","post","type-post","status-publish","format-standard","has-post-thumbnail","hentry","category-cb-poder","tag-abadia","tag-geraldo-alckmin","tag-izalci","tag-marcio-machado","tag-marcus-pestana","tag-psdb","tag-roberio-negreiros"],"_links":{"self":[{"href":"https:\/\/blogs.correiobraziliense.com.br\/cbpoder\/wp-json\/wp\/v2\/posts\/10371","targetHints":{"allow":["GET"]}}],"collection":[{"href":"https:\/\/blogs.correiobraziliense.com.br\/cbpoder\/wp-json\/wp\/v2\/posts"}],"about":[{"href":"https:\/\/blogs.correiobraziliense.com.br\/cbpoder\/wp-json\/wp\/v2\/types\/post"}],"author":[{"embeddable":true,"href":"https:\/\/blogs.correiobraziliense.com.br\/cbpoder\/wp-json\/wp\/v2\/users\/90"}],"replies":[{"embeddable":true,"href":"https:\/\/blogs.correiobraziliense.com.br\/cbpoder\/wp-json\/wp\/v2\/comments?post=10371"}],"version-history":[{"count":1,"href":"https:\/\/blogs.correiobraziliense.com.br\/cbpoder\/wp-json\/wp\/v2\/posts\/10371\/revisions"}],"predecessor-version":[{"id":10372,"href":"https:\/\/blogs.correiobraziliense.com.br\/cbpoder\/wp-json\/wp\/v2\/posts\/10371\/revisions\/10372"}],"wp:featuredmedia":[{"embeddable":true,"href":"https:\/\/blogs.correiobraziliense.com.br\/cbpoder\/wp-json\/wp\/v2\/media\/7591"}],"wp:attachment":[{"href":"https:\/\/blogs.correiobraziliense.com.br\/cbpoder\/wp-json\/wp\/v2\/media?parent=10371"}],"wp:term":[{"taxonomy":"category","embeddable":true,"href":"https:\/\/blogs.correiobraziliense.com.br\/cbpoder\/wp-json\/wp\/v2\/categories?post=10371"},{"taxonomy":"post_tag","embeddable":true,"href":"https:\/\/blogs.correiobraziliense.com.br\/cbpoder\/wp-json\/wp\/v2\/tags?post=10371"}],"curies":[{"name":"wp","href":"https:\/\/api.w.org\/{rel}","templated":true}]}}