{"id":10357,"date":"2018-01-19T11:07:43","date_gmt":"2018-01-19T13:07:43","guid":{"rendered":"https:\/\/blogs.correiobraziliense.com.br\/cbpoder\/?p=10357"},"modified":"2018-01-19T12:04:08","modified_gmt":"2018-01-19T14:04:08","slug":"superdelegacias-investigacoes-rollemberg","status":"publish","type":"post","link":"https:\/\/blogs.correiobraziliense.com.br\/cbpoder\/superdelegacias-investigacoes-rollemberg\/","title":{"rendered":"Com &#8220;superdelegacias&#8221;, investiga\u00e7\u00f5es ser\u00e3o agilizadas, diz Rollemberg"},"content":{"rendered":"<p><b>Lucas Vidigal<\/b><\/p>\n<p><b>Ana Viriato<\/b><\/p>\n<p>&nbsp;<\/p>\n<p><span style=\"font-weight: 400\">A Pol\u00edcia Civil do Distrito Federal passou por mudan\u00e7as estruturais. Conforme decreto assinado pelo governador Rodrigo Rollemberg (PSB), a corpora\u00e7\u00e3o conta, a partir desta sexta-feira (19\/01), com duas \u201csuperdelegacias\u201d. A primeira destina-se ao combate ao crime organizado, contra a administra\u00e7\u00e3o p\u00fablica e contra a ordem tribut\u00e1ria. A ideia \u00e9 atuar de forma integrada nas investiga\u00e7\u00f5es em casos de corrup\u00e7\u00e3o e dar celeridade aos processos. O segundo n\u00facleo cuidar\u00e1 de crimes contra o patrim\u00f4nio.<\/span><\/p>\n<p>&nbsp;<\/p>\n<p><span style=\"font-weight: 400\">A coordena\u00e7\u00e3o especial contra a corrup\u00e7\u00e3o e o crime organizado re\u00fane tr\u00eas delegacias especializadas j\u00e1 existentes e ser\u00e1 comandada pelo at\u00e9 ent\u00e3o delegado-chefe da Delegacia de Repress\u00e3o a Roubos e Furtos (DRF), Fernando C\u00e9sar Costa. Em entrevista ao <\/span><b>CB.Poder<\/b><span style=\"font-weight: 400\">, o diretor-geral da Pol\u00edcia Civil, Eric Seba, explicou que o escolheu pela boa rela\u00e7\u00e3o e interlocu\u00e7\u00e3o com o Minist\u00e9rio P\u00fablico, Judici\u00e1rio, Minist\u00e9rio da Justi\u00e7a e outros \u00f3rg\u00e3os de controle.\u00a0<\/span>A Coordena\u00e7\u00e3o de Repress\u00e3o aos Crimes Patrimoniais, por sua vez, ser\u00e1 chefiada pelo delegado\u00a0Marco Aur\u00e9lio Vergilio.<\/p>\n<p>&nbsp;<\/p>\n<p><span style=\"font-weight: 400\">Entre as raz\u00f5es que levaram \u00e0 cria\u00e7\u00e3o do primeiro n\u00facleo, est\u00e1 a preocupa\u00e7\u00e3o com a amplia\u00e7\u00e3o do Complexo Penitenci\u00e1rio da Papuda, admite Seba. &#8220;Estamos nos antecipando para evitar que o crime organizado se estabele\u00e7a no DF como se estabeleceu em outros estados.&#8221; Ao todo, atuar\u00e3o nessa superdelegacia de 70 a 80 agentes, 10 a 11 delegados, al\u00e9m de 10 a 11 escriv\u00e3es.<\/span><\/p>\n<p>&nbsp;<\/p>\n<p>O diretor-geral da PCDF disse ainda n\u00e3o temer que a atua\u00e7\u00e3o das novas superdelegacias instiguem policiais civis a refor\u00e7ar o pedido de\u00a0paridade salarial com a Pol\u00edcia Federal, uma vez que a corpora\u00e7\u00e3o teria uma atua\u00e7\u00e3o muito pr\u00f3xima \u00e0 do \u00f3rg\u00e3o nacional. &#8220;Os policiais que sabem que essa (cria\u00e7\u00e3o da coordena\u00e7\u00e3o) \u00e9 uma medida de Estado, e n\u00e3o de governo, est\u00e3o conosco&#8221;, declarou. Seba acrescentou que a reestrutura\u00e7\u00e3o n\u00e3o levar\u00e1, necessariamente, \u00a0\u00e0 contrata\u00e7\u00e3o de mais policiais. &#8220;Qualquer informa\u00e7\u00e3o sobre isso ser\u00e1 especula\u00e7\u00e3o.&#8221;<\/p>\n<p>&nbsp;<\/p>\n<p>O governador Rodrigo Rollemberg acredita que as novas coordena\u00e7\u00f5es v\u00e3o evitar o &#8220;retrabalho&#8221; que, segundo ele, ocorria quando as delegacias n\u00e3o estavam aglutinadas. &#8220;Vamos ter mais agilidade na resolu\u00e7\u00e3o dos crimes contra a administra\u00e7\u00e3o e a ordem p\u00fablica&#8221;, argumentou.<\/p>\n<p>&nbsp;<\/p>\n<h2><b>Mudan\u00e7as<\/b><\/h2>\n<p>&nbsp;<\/p>\n<p><span style=\"font-weight: 400\">Com as modifica\u00e7\u00f5es na coordena\u00e7\u00e3o de combate \u00e0 corrup\u00e7\u00e3o, a Divis\u00e3o de <\/span><span style=\"font-weight: 400\">Repress\u00e3o aos Crimes Contra a Administra\u00e7\u00e3o P\u00fablica (Decap) ficar\u00e1 nas m\u00e3os de Wenderson Souza e Teles. A especializada \u00e9 respons\u00e1vel por grandes opera\u00e7\u00f5es, como a Dr\u00e1con, que investiga a concess\u00e3o de emendas parlamentares em troca de propina. <\/span><\/p>\n<p>&nbsp;<\/p>\n<p><span style=\"font-weight: 400\">\u00c0 frente da Divis\u00e3o de Repress\u00e3o ao Crime Organizado (Deco), ficar\u00e1 Adriano Valente. A delegacia cuida de investiga\u00e7\u00f5es com grande repercuss\u00e3o p\u00fablica, como a Panoptes, que desarticulou um esquema de venda de aprova\u00e7\u00f5es em concursos p\u00fablicos e vestibulares. \u00a0Terceira a compor a superdelegacia, a\u00a0Divis\u00e3o de Repress\u00e3o aos Crimes Contra a Ordem Tribut\u00e1ria (Dicot) ser\u00e1 comandada por\u00a0Virg\u00edlio Agnaldo Ozelami.\u00a0<\/span><span style=\"font-weight: 400\">O at\u00e9 ent\u00e3o delegado-chefe da Decap, Jonas Bessa, passar\u00e1 a comandar\u00a0Divis\u00e3o de Repress\u00e3o a Fac\u00e7\u00f5es Criminosas.\u00a0<\/span><\/p>\n<p>&nbsp;<\/p>\n<p><span style=\"font-weight: 400\">Respons\u00e1vel pela investiga\u00e7\u00e3o de crimes contra o patrim\u00f4nio, a Coordena\u00e7\u00e3o de Repress\u00e3o a Crimes contra o Patrim\u00f4nio P\u00fablico reunir\u00e1 as delegacias de Roubos e Furtos (DRF) e de Repress\u00e3o a Roubos e Furtos de Ve\u00edculos (DRFV). <\/span><\/p>\n<p>&nbsp;<\/p>\n","protected":false},"excerpt":{"rendered":"<p>Lucas Vidigal Ana Viriato &nbsp; A Pol\u00edcia Civil do Distrito Federal passou por mudan\u00e7as estruturais. Conforme decreto assinado pelo governador Rodrigo Rollemberg (PSB), a corpora\u00e7\u00e3o conta, a partir desta sexta-feira (19\/01), com duas \u201csuperdelegacias\u201d. A primeira destina-se ao combate ao crime organizado, contra a administra\u00e7\u00e3o p\u00fablica e contra a ordem tribut\u00e1ria. A ideia \u00e9 atuar de forma integrada nas investiga\u00e7\u00f5es [&hellip;]<\/p>\n","protected":false},"author":90,"featured_media":7903,"comment_status":"open","ping_status":"closed","sticky":false,"template":"","format":"standard","meta":{"footnotes":""},"categories":[234],"tags":[225,535,473,16,102,1047],"class_list":["post-10357","post","type-post","status-publish","format-standard","has-post-thumbnail","hentry","category-cb-poder","tag-corrupcao","tag-decap","tag-deco","tag-gdf","tag-policia-civil","tag-superdelegacia"],"_links":{"self":[{"href":"https:\/\/blogs.correiobraziliense.com.br\/cbpoder\/wp-json\/wp\/v2\/posts\/10357","targetHints":{"allow":["GET"]}}],"collection":[{"href":"https:\/\/blogs.correiobraziliense.com.br\/cbpoder\/wp-json\/wp\/v2\/posts"}],"about":[{"href":"https:\/\/blogs.correiobraziliense.com.br\/cbpoder\/wp-json\/wp\/v2\/types\/post"}],"author":[{"embeddable":true,"href":"https:\/\/blogs.correiobraziliense.com.br\/cbpoder\/wp-json\/wp\/v2\/users\/90"}],"replies":[{"embeddable":true,"href":"https:\/\/blogs.correiobraziliense.com.br\/cbpoder\/wp-json\/wp\/v2\/comments?post=10357"}],"version-history":[{"count":12,"href":"https:\/\/blogs.correiobraziliense.com.br\/cbpoder\/wp-json\/wp\/v2\/posts\/10357\/revisions"}],"predecessor-version":[{"id":10369,"href":"https:\/\/blogs.correiobraziliense.com.br\/cbpoder\/wp-json\/wp\/v2\/posts\/10357\/revisions\/10369"}],"wp:featuredmedia":[{"embeddable":true,"href":"https:\/\/blogs.correiobraziliense.com.br\/cbpoder\/wp-json\/wp\/v2\/media\/7903"}],"wp:attachment":[{"href":"https:\/\/blogs.correiobraziliense.com.br\/cbpoder\/wp-json\/wp\/v2\/media?parent=10357"}],"wp:term":[{"taxonomy":"category","embeddable":true,"href":"https:\/\/blogs.correiobraziliense.com.br\/cbpoder\/wp-json\/wp\/v2\/categories?post=10357"},{"taxonomy":"post_tag","embeddable":true,"href":"https:\/\/blogs.correiobraziliense.com.br\/cbpoder\/wp-json\/wp\/v2\/tags?post=10357"}],"curies":[{"name":"wp","href":"https:\/\/api.w.org\/{rel}","templated":true}]}}