{"id":10291,"date":"2018-01-15T00:38:39","date_gmt":"2018-01-15T02:38:39","guid":{"rendered":"https:\/\/blogs.correiobraziliense.com.br\/cbpoder\/?p=10291"},"modified":"2018-01-15T00:42:42","modified_gmt":"2018-01-15T02:42:42","slug":"anuncio-de-liberacao-de-verba-federal-para-metro-do-df-agita-oposicao-a-rollemberg","status":"publish","type":"post","link":"https:\/\/blogs.correiobraziliense.com.br\/cbpoder\/anuncio-de-liberacao-de-verba-federal-para-metro-do-df-agita-oposicao-a-rollemberg\/","title":{"rendered":"An\u00fancio de libera\u00e7\u00e3o de verba federal para o metr\u00f4 do DF provoca rea\u00e7\u00e3o entre advers\u00e1rios de Rollemberg"},"content":{"rendered":"<p>ANA MARIA CAMPOS<\/p>\n<p>O an\u00fancio de que o Minist\u00e9rio das Cidades vai liberar R$ 275,5 milh\u00f5es para a expans\u00e3o do metr\u00f4 em Samambaia e moderniza\u00e7\u00e3o do sistema de trilhos, al\u00e9m de R$ 17 milh\u00f5es para a constru\u00e7\u00e3o de um viaduto no Sudoeste causou muita repercuss\u00e3o no meio pol\u00edtico em ano eleitoral.<\/p>\n<p>A obra tem um grande impacto entre moradores da regi\u00e3o interessados na amplia\u00e7\u00e3o do metr\u00f4 e tamb\u00e9m nos setores empresariais, de constru\u00e7\u00e3o civil e imobili\u00e1rio. Em ano de disputa eleitoral, trata-se de um impulso \u00e0 reelei\u00e7\u00e3o do governador Rodrigo Rollemberg (PSB). Ele, inclusive, divulgou a medida com entusiasmo.<\/p>\n<p>N\u00e3o \u00e0 toa os advers\u00e1rios chiaram. O Minist\u00e9rio das Cidades est\u00e1 nas m\u00e3os de um partido advers\u00e1rio a Rollemberg. O ministro \u00e9 o deputado Alexandre Baldy, deputado federal de Goi\u00e1s, indicado pelo PP. Ele foi secret\u00e1rio de Ind\u00fastria e Com\u00e9rcio do governo de Marconi Perillo (PSDB). Atualmente est\u00e1 sem partido e analisa a possibilidade de n\u00e3o disputar nenhum cargo p\u00fablico para permanecer como ministro at\u00e9 31 de dezembro de 2018.<\/p>\n<p>Mesmo assim, Baldy foi cobrado pelo meio pol\u00edtico por ter liberado o projeto. O pr\u00f3prio ministro telefonou para comunicar a Rollemberg que o minist\u00e9rio havia homologado o relat\u00f3rio de S\u00edntese do Projeto Aprovado (SPA) relativo a dois termos de compromisso: as etapas 1 e 2 (expans\u00e3o de trecho de Samambaia e moderniza\u00e7\u00e3o do metr\u00f4) no valor de R$ 275,5 milh\u00f5es. Tamb\u00e9m est\u00e1 contemplada, com R$ 17 milh\u00f5es, a constru\u00e7\u00e3o do viaduto de interse\u00e7\u00e3o da Estrada Parque Ind\u00fastrias Gr\u00e1ficas (EPIG) de liga\u00e7\u00e3o de Setor Sudoeste e o Parque da Cidade.<\/p>\n<p>A homologa\u00e7\u00e3o permite que o GDF lance edital de licita\u00e7\u00e3o para as obras. Mas a aliados, Baldy disse que o projeto ainda vai percorrer um longo caminho. N\u00e3o haver\u00e1 libera\u00e7\u00e3o de recursos neste ano e a homologa\u00e7\u00e3o s\u00f3 ocorreu para evitar que o projeto morresse. O minist\u00e9rio analisou v\u00e1rias propostas de governadores interessados em recursos federais e liberou algumas at\u00e9 31 de dezembro de 2017. T\u00e9cnicos explicaram ao Correio, no entanto, que a autoriza\u00e7\u00e3o para licitar \u00e9 um compromisso de repasse dos recursos federais.<\/p>\n<p>Ao Correio, Baldy preferiu n\u00e3o dar nenhuma declara\u00e7\u00e3o. Mas ele reclamou, em conversas com parlamentares que fazem oposi\u00e7\u00e3o a Rollemberg, do an\u00fancio feito pelo GDF da expans\u00e3o do metr\u00f4. Depois que o Correio publicou a not\u00edcia, no \u00faltimo s\u00e1bado (13\/01), com exclusividade na coluna Eixo Capital, a press\u00e3o come\u00e7ou.<\/p>\n","protected":false},"excerpt":{"rendered":"<p>ANA MARIA CAMPOS O an\u00fancio de que o Minist\u00e9rio das Cidades vai liberar R$ 275,5 milh\u00f5es para a expans\u00e3o do metr\u00f4 em Samambaia e moderniza\u00e7\u00e3o do sistema de trilhos, al\u00e9m de R$ 17 milh\u00f5es para a constru\u00e7\u00e3o de um viaduto no Sudoeste causou muita repercuss\u00e3o no meio pol\u00edtico em ano eleitoral. A obra tem um grande impacto entre moradores da [&hellip;]<\/p>\n","protected":false},"author":9,"featured_media":10295,"comment_status":"open","ping_status":"closed","sticky":false,"template":"","format":"standard","meta":{"footnotes":""},"categories":[234],"tags":[],"class_list":["post-10291","post","type-post","status-publish","format-standard","has-post-thumbnail","hentry","category-cb-poder"],"_links":{"self":[{"href":"https:\/\/blogs.correiobraziliense.com.br\/cbpoder\/wp-json\/wp\/v2\/posts\/10291","targetHints":{"allow":["GET"]}}],"collection":[{"href":"https:\/\/blogs.correiobraziliense.com.br\/cbpoder\/wp-json\/wp\/v2\/posts"}],"about":[{"href":"https:\/\/blogs.correiobraziliense.com.br\/cbpoder\/wp-json\/wp\/v2\/types\/post"}],"author":[{"embeddable":true,"href":"https:\/\/blogs.correiobraziliense.com.br\/cbpoder\/wp-json\/wp\/v2\/users\/9"}],"replies":[{"embeddable":true,"href":"https:\/\/blogs.correiobraziliense.com.br\/cbpoder\/wp-json\/wp\/v2\/comments?post=10291"}],"version-history":[{"count":5,"href":"https:\/\/blogs.correiobraziliense.com.br\/cbpoder\/wp-json\/wp\/v2\/posts\/10291\/revisions"}],"predecessor-version":[{"id":10297,"href":"https:\/\/blogs.correiobraziliense.com.br\/cbpoder\/wp-json\/wp\/v2\/posts\/10291\/revisions\/10297"}],"wp:featuredmedia":[{"embeddable":true,"href":"https:\/\/blogs.correiobraziliense.com.br\/cbpoder\/wp-json\/wp\/v2\/media\/10295"}],"wp:attachment":[{"href":"https:\/\/blogs.correiobraziliense.com.br\/cbpoder\/wp-json\/wp\/v2\/media?parent=10291"}],"wp:term":[{"taxonomy":"category","embeddable":true,"href":"https:\/\/blogs.correiobraziliense.com.br\/cbpoder\/wp-json\/wp\/v2\/categories?post=10291"},{"taxonomy":"post_tag","embeddable":true,"href":"https:\/\/blogs.correiobraziliense.com.br\/cbpoder\/wp-json\/wp\/v2\/tags?post=10291"}],"curies":[{"name":"wp","href":"https:\/\/api.w.org\/{rel}","templated":true}]}}