{"id":10289,"date":"2018-01-14T18:51:31","date_gmt":"2018-01-14T20:51:31","guid":{"rendered":"https:\/\/blogs.correiobraziliense.com.br\/cbpoder\/?p=10289"},"modified":"2018-01-14T18:51:31","modified_gmt":"2018-01-14T20:51:31","slug":"frejat-sou-pre-candidato-apareco-melhor-nas-pesquisas-meu-nome-se-destacou","status":"publish","type":"post","link":"https:\/\/blogs.correiobraziliense.com.br\/cbpoder\/frejat-sou-pre-candidato-apareco-melhor-nas-pesquisas-meu-nome-se-destacou\/","title":{"rendered":"Frejat: &#8220;Sou pr\u00e9-candidato. Apare\u00e7o melhor nas pesquisas. Meu nome se destacou&#8221;"},"content":{"rendered":"<p>O ex-deputado federal e ex-secret\u00e1rio de Sa\u00fade Jofran Frejat (PR) revela, em entrevista \u00e0 coluna Eixo Capital, que ser\u00e1 mesmo candidato ao Pal\u00e1cio do Buriti. Para n\u00e3o esbarrar na legisla\u00e7\u00e3o eleitoral, Frejat se intitula como pr\u00e9-candidato, mas refor\u00e7a que, por acordo em seu grupo pol\u00edtico, ele \u00e9 o nome para a disputa porque aparece melhor em todas as pesquisas de opini\u00e3o do que os demais aliados.<\/p>\n<p>Mas Frejat ressalta que ainda h\u00e1 algumas quest\u00f5es a serem definidas sobre quem poder\u00e1 ou n\u00e3o concorrer em outubro. Ele cita o caso do julgamento sobre a condena\u00e7\u00e3o do ex-presidente Luiz In\u00e1cio Lula da Silva e questiona se, na eventualidade de ele conseguir ser candidato em situa\u00e7\u00e3o sub judice, se outros pol\u00edticos enquadrados na Lei da Ficha Limpa tamb\u00e9m ser\u00e3o beneficiados. Um dos que est\u00e1 nesta situa\u00e7\u00e3o \u00e9 o ex-governador Jos\u00e9 Roberto Arruda (PR).<\/p>\n<p>Veja a \u00edntegra da entrevista:<\/p>\n<p><strong>O senhor ser\u00e1 candidato ao Governo do DF?<\/strong><\/p>\n<p><span style=\"font-weight: 400\">Na \u00faltima quarta-feira, o presidente local do meu partido anunciou que serei pr\u00e9-candidato a governador. Vamos ver se a gente consegue uma composi\u00e7\u00e3o. Quero a uni\u00e3o de todos contra o atual governo.<\/span><\/p>\n<p><span style=\"font-weight: 400\">\u00a0<\/span><\/p>\n<p><strong>\u00c9 pr\u00e9-candidato ou candidato?<\/strong><\/p>\n<p><span style=\"font-weight: 400\">A legisla\u00e7\u00e3o n\u00e3o me permite ser candidato agora. Estou atento \u00e0s regras. Evito at\u00e9 reuni\u00f5es fora do partido. N\u00e3o quero infringir a lei.<\/span><\/p>\n<p><span style=\"font-weight: 400\">\u00a0<\/span><\/p>\n<p><strong>Como o seu grupo vai se unir se h\u00e1 tantos candidatos?<\/strong><\/p>\n<p><span style=\"font-weight: 400\">Vamos fechar isso no maior equil\u00edbrio. Quero trabalhar o nome de um vice na chapa que some. Temos ainda as duas vagas ao Senado, as supl\u00eancias, candidaturas \u00e0 C\u00e2mara. J\u00e1 h\u00e1 uma desuni\u00e3o hoje no atual governo. Esse tipo de procedimento n\u00e3o leva Bras\u00edlia a uma boa situa\u00e7\u00e3o. Nossa cidade precisa mudar. Fiquei triste que o Departamento de Justi\u00e7a Americana tenha alertado os seus compatriotas a n\u00e3o frequentar certos lugares do DF.<\/span><\/p>\n<p><span style=\"font-weight: 400\">\u00a0<\/span><\/p>\n<p><strong>O senhor aceitaria disputar outro cargo que n\u00e3o fosse o de governador?<\/strong><\/p>\n<p><span style=\"font-weight: 400\">Na elei\u00e7\u00e3o de 2014, o Arruda convidou a Liliane Roriz e a Eliana Pedrosa para serem vice e n\u00e3o deu certo. S\u00f3 topei porque n\u00e3o sou de criar dificuldade e havia um compromisso de que, como vice, eu seria respons\u00e1vel pela cria\u00e7\u00e3o da universidade p\u00fablica do DF. Seria o coroamento da minha carreira. Depois, Arruda saiu e fiquei 30 e poucos dias na campanha como candidato. Agora \u00e9 diferente.<\/span><\/p>\n<p><span style=\"font-weight: 400\">\u00a0<\/span><\/p>\n<p><strong>Por qu\u00ea?<\/strong><\/p>\n<p><span style=\"font-weight: 400\">Fizemos uma reuni\u00e3o entre varias pessoas, entre as quais Fraga, Filippelli, Eliana Pedrosa, Paulo Oct\u00e1vio, Izalci, Al\u00edrio. Ficou definido que quem estivesse melhor nas pesquisas seria o candidato e teria o apoio dos demais. Acontece que apare\u00e7o melhor nas pesquisas. Meu nome se destacou. Primeiro, por causa do recall da \u00faltima elei\u00e7\u00e3o, segundo pelo meu trabalho na sa\u00fade e por n\u00e3o estar inclu\u00eddo nas irregularidades que surgem por a\u00ed. H\u00e1 ainda os que se arrependeram por n\u00e3o terem votado em mim. A partir disso, n\u00e3o tenho como fugir ao compromisso da palavra dada. Mantenho a minha palavra de apoiar quem estiver mais bem colocado. Neste caso, sou eu. Temos uma d\u00edvida com Bras\u00edlia. Nossos filhos nasceram aqui. Quero ajudar a recuperar a cidade.<\/span><\/p>\n<p><span style=\"font-weight: 400\">\u00a0<\/span><\/p>\n<p><strong>Muitos dizem que abrem m\u00e3o da candidatura se o senhor topar concorrer. Acha que isso \u00e9 verdade?<\/strong><\/p>\n<p><span style=\"font-weight: 400\">Eles me dizem isso e acredito. Se nos dividirmos, vamos perder a elei\u00e7\u00e3o. Quem ganha \u00e9 o atual governador. Como a aprova\u00e7\u00e3o desse cr\u00e9dito de R$ 1,3 bilh\u00e3o, ele vai ter muito dinheiro neste ano. Por isso, temos que nos unir. O campo est\u00e1 aberto. H\u00e1 muito espa\u00e7o na chapa para uma composi\u00e7\u00e3o.<\/span><\/p>\n<p><span style=\"font-weight: 400\">\u00a0<\/span><\/p>\n<p><strong>Qual vai ser o papel de Jos\u00e9 Roberto Arruda na elei\u00e7\u00e3o?<\/strong><\/p>\n<p><span style=\"font-weight: 400\">O Arruda pretende ajudar a eleger a mulher dele deputada federal. N\u00e3o vejo nenhum problema nisso. Sou das pessoas que reconhecem tudo o que foi feito de bom em qualquer governo. As coisas erradas, cada um responde por si.<\/span><\/p>\n<p><span style=\"font-weight: 400\">\u00a0<\/span><\/p>\n<p><strong>Quando ser\u00e1 a data para as defini\u00e7\u00f5es da chapa? Somente nas conven\u00e7\u00f5es?<\/strong><\/p>\n<p><span style=\"font-weight: 400\">H\u00e1 um ponto importante: o dia 24 de janeiro. \u00c9 o julgamento do. Lula. Se ele conseguir um voto divergente no TRF da 4\u00aa Regi\u00e3o (durante o julgamento sobre a manuten\u00e7\u00e3o da condena\u00e7\u00e3o), poder\u00e1 apelar. Poder\u00e1 ser candidato subjudice. N\u00e3o sei quantos candidatos podem seguir esse entendimento. Se ele pode, por que s\u00f3 ele?<\/span><\/p>\n<p><span style=\"font-weight: 400\">\u00a0<\/span><\/p>\n<p><strong>O senhor acha que essa posi\u00e7\u00e3o pode valer, por exemplo, em benef\u00edcio de Arruda?<\/strong><\/p>\n<p><span style=\"font-weight: 400\">Eventualmente, poder\u00e1. N\u00e3o sei qual \u00e9 o pensamento dele. Mas o que pode beneficiar um pode beneficiar outro. Pau que d\u00e1 em Chico d\u00e1 em Francisco.<\/span><\/p>\n<p><span style=\"font-weight: 400\">\u00a0<\/span><\/p>\n<p><strong>E o presidente da C\u00e2mara Legislativa, Joe Valle? Acha que tem espa\u00e7o na sua chapa?<\/strong><\/p>\n<p><span style=\"font-weight: 400\">Claro que tem, vamos somar. Mas ele esta diante de um problema. O (Carlos) Lupi, presidente do PDT, quer um palanque para Ciro Gomes no DF. Ele precisa decidir se ser\u00e1 candidato ou entrar numa composi\u00e7\u00e3o que n\u00e3o crie dificuldade para a candidatura do PDT \u00e0 Presid\u00eancia \u00c9 preciso ele saber at\u00e9 onde tem densidade eleitoral, para ser governador. Quem vai decidir \u00e9 o povo.<\/span><\/p>\n<p><span style=\"font-weight: 400\">\u00a0<\/span><\/p>\n","protected":false},"excerpt":{"rendered":"<p>O ex-deputado federal e ex-secret\u00e1rio de Sa\u00fade Jofran Frejat (PR) revela, em entrevista \u00e0 coluna Eixo Capital, que ser\u00e1 mesmo candidato ao Pal\u00e1cio do Buriti. Para n\u00e3o esbarrar na legisla\u00e7\u00e3o eleitoral, Frejat se intitula como pr\u00e9-candidato, mas refor\u00e7a que, por acordo em seu grupo pol\u00edtico, ele \u00e9 o nome para a disputa porque aparece melhor em todas as pesquisas de [&hellip;]<\/p>\n","protected":false},"author":9,"featured_media":9697,"comment_status":"open","ping_status":"closed","sticky":false,"template":"","format":"standard","meta":{"footnotes":""},"categories":[234],"tags":[42,311,967],"class_list":["post-10289","post","type-post","status-publish","format-standard","has-post-thumbnail","hentry","category-cb-poder","tag-arruda","tag-eleicoes","tag-jofran-frejat"],"_links":{"self":[{"href":"https:\/\/blogs.correiobraziliense.com.br\/cbpoder\/wp-json\/wp\/v2\/posts\/10289","targetHints":{"allow":["GET"]}}],"collection":[{"href":"https:\/\/blogs.correiobraziliense.com.br\/cbpoder\/wp-json\/wp\/v2\/posts"}],"about":[{"href":"https:\/\/blogs.correiobraziliense.com.br\/cbpoder\/wp-json\/wp\/v2\/types\/post"}],"author":[{"embeddable":true,"href":"https:\/\/blogs.correiobraziliense.com.br\/cbpoder\/wp-json\/wp\/v2\/users\/9"}],"replies":[{"embeddable":true,"href":"https:\/\/blogs.correiobraziliense.com.br\/cbpoder\/wp-json\/wp\/v2\/comments?post=10289"}],"version-history":[{"count":1,"href":"https:\/\/blogs.correiobraziliense.com.br\/cbpoder\/wp-json\/wp\/v2\/posts\/10289\/revisions"}],"predecessor-version":[{"id":10290,"href":"https:\/\/blogs.correiobraziliense.com.br\/cbpoder\/wp-json\/wp\/v2\/posts\/10289\/revisions\/10290"}],"wp:featuredmedia":[{"embeddable":true,"href":"https:\/\/blogs.correiobraziliense.com.br\/cbpoder\/wp-json\/wp\/v2\/media\/9697"}],"wp:attachment":[{"href":"https:\/\/blogs.correiobraziliense.com.br\/cbpoder\/wp-json\/wp\/v2\/media?parent=10289"}],"wp:term":[{"taxonomy":"category","embeddable":true,"href":"https:\/\/blogs.correiobraziliense.com.br\/cbpoder\/wp-json\/wp\/v2\/categories?post=10289"},{"taxonomy":"post_tag","embeddable":true,"href":"https:\/\/blogs.correiobraziliense.com.br\/cbpoder\/wp-json\/wp\/v2\/tags?post=10289"}],"curies":[{"name":"wp","href":"https:\/\/api.w.org\/{rel}","templated":true}]}}