{"id":10277,"date":"2018-01-13T04:30:39","date_gmt":"2018-01-13T06:30:39","guid":{"rendered":"https:\/\/blogs.correiobraziliense.com.br\/cbpoder\/?p=10277"},"modified":"2018-01-13T01:27:12","modified_gmt":"2018-01-13T03:27:12","slug":"ministerio-das-cidades-libera-r-300-milhoes-pata-metro-e-viaduto-do-sudoeste","status":"publish","type":"post","link":"https:\/\/blogs.correiobraziliense.com.br\/cbpoder\/ministerio-das-cidades-libera-r-300-milhoes-pata-metro-e-viaduto-do-sudoeste\/","title":{"rendered":"Minist\u00e9rio das Cidades libera R$ 300 milh\u00f5es para metr\u00f4 de Samambaia e viaduto do Sudoeste"},"content":{"rendered":"<hr \/>\n<p>ANA MARIA CAMPOS<br \/>\nUma boa not\u00edcia para Bras\u00edlia: o Minist\u00e9rio das Cidades aprovou projeto do governo do Distrito Federal para expans\u00e3o do Metr\u00f4 de Samambaia e para moderniza\u00e7\u00e3o do sistema. At\u00e9 junho, o Metr\u00f4\/DF lan\u00e7a o edital de licita\u00e7\u00e3o e o contrato deve ser assinado em novembro.<\/p>\n<p>Tr\u00eas anos a partir da\u00ed, duas novas esta\u00e7\u00f5es de Samambaia, num novo trecho de 3,671 km de extens\u00e3o, estar\u00e3o em opera\u00e7\u00e3o. Al\u00e9m desse projeto, o Minist\u00e9rio das Cidades liberou ainda o repasse de R$ 17 milh\u00f5es para a constru\u00e7\u00e3o do viaduto de interse\u00e7\u00e3o da Estrada Parque Ind\u00fastrias Gr\u00e1ficas (EPIG) com o Setor Sudoeste e o Parque da Cidade.<\/p>\n<p>Evento com Temer<br \/>\nO governador Rodrigo Rollemberg (PSB) pretende promover uma solenidade para anunciar o projeto e a libera\u00e7\u00e3o dos recursos federais, com a presen\u00e7a do ministro das Cidades, Alexandre Baldy, e do presidente Michel Temer.<\/p>\n<p>Trata-se de um projeto de grande visibilidade e impacto no DF porque, al\u00e9m de melhorar o transporte p\u00fablico naquela regi\u00e3o de grande expans\u00e3o populacional, a obra movimenta os setores imobili\u00e1rios e de constru\u00e7\u00e3o civil.<\/p>\n<p>\u201cEssas obras s\u00e3o estrat\u00e9gicas para Bras\u00edlia. A moderniza\u00e7\u00e3o e a expans\u00e3o do Metr\u00f4 v\u00e3o trazer benef\u00edcios enormes \u00e0 popula\u00e7\u00e3o de Bras\u00edlia. Estamos felizes e agradecidos com a not\u00edcia\u201d, disse Rollemberg \u00e0 coluna.<\/p>\n<p>Mais duas esta\u00e7\u00f5es para Samambaia<br \/>\nO projeto completo para expans\u00e3o e moderniza\u00e7\u00e3o do metr\u00f4 prev\u00ea investimentos de R$ 315 milh\u00f5es, sendo R$ 275,5 milh\u00f5es do or\u00e7amento-geral da Uni\u00e3o e R$ 40 milh\u00f5es de contrapartida do GDF.<\/p>\n<p>O presidente do Metr\u00f4\/DF, Marcelo Dourado, estima em aproximadamente 78 mil pessoas o n\u00famero de beneficiados com a obra de amplia\u00e7\u00e3o do metr\u00f4. \u201cA popula\u00e7\u00e3o atual de Samambaia \u00e9 estimada em 260 mil pessoas. O calculo \u00e9 que 30%, em torno de 78 mil pessoas, ser\u00e3o direta e indiretamente beneficiadas com a expans\u00e3o.\u201d, afirma.<\/p>\n<p>Os recursos ser\u00e3o liberados paulatinamente, \u00e0 medida em que as obras avan\u00e7arem. Mas o Minist\u00e9rio das Cidades j\u00e1 assumiu o compromisso oficial, o que permite a realiza\u00e7\u00e3o da licita\u00e7\u00e3o.<\/p>\n<p>A previs\u00e3o \u00e9 de que a obra leve 36 meses para a constru\u00e7\u00e3o de mais duas esta\u00e7\u00f5es em Samambaia. Hoje a cidade j\u00e1 tem quatro outras esta\u00e7\u00f5es. O Metr\u00f4 conta com 24 esta\u00e7\u00f5es, mas o governador Rodrigo Rollemberg vai inaugurar mais tr\u00eas ainda neste ano, na 106 Sul, 110 Sul e uma outra entre \u00c1guas Claras e Taguatinga.<\/p>\n<p>Novos projetos \u00e0 espera de delibera\u00e7\u00e3o<br \/>\nAprovado agora pelo Minist\u00e9rio das Cidades, o projeto do Metr\u00f4\/DF come\u00e7ou a ser trabalhado em junho de 2015. Houve v\u00e1rias reuni\u00f5es t\u00e9cnicas. O governo entregou ainda propostas para expans\u00e3o da via de Ceil\u00e2ndia e constru\u00e7\u00e3o do trecho at\u00e9 a Asa Norte. Mas ainda aguarda delibera\u00e7\u00e3o.<\/p>\n","protected":false},"excerpt":{"rendered":"<p>ANA MARIA CAMPOS Uma boa not\u00edcia para Bras\u00edlia: o Minist\u00e9rio das Cidades aprovou projeto do governo do Distrito Federal para expans\u00e3o do Metr\u00f4 de Samambaia e para moderniza\u00e7\u00e3o do sistema. At\u00e9 junho, o Metr\u00f4\/DF lan\u00e7a o edital de licita\u00e7\u00e3o e o contrato deve ser assinado em novembro. Tr\u00eas anos a partir da\u00ed, duas novas esta\u00e7\u00f5es de Samambaia, num novo trecho [&hellip;]<\/p>\n","protected":false},"author":9,"featured_media":10279,"comment_status":"open","ping_status":"closed","sticky":false,"template":"","format":"standard","meta":{"footnotes":""},"categories":[234],"tags":[1008,1027,1025,727,1026],"class_list":["post-10277","post","type-post","status-publish","format-standard","has-post-thumbnail","hentry","category-cb-poder","tag-metro","tag-ministerio-das-cidades","tag-samambaia","tag-sudoeste","tag-viaduto"],"_links":{"self":[{"href":"https:\/\/blogs.correiobraziliense.com.br\/cbpoder\/wp-json\/wp\/v2\/posts\/10277","targetHints":{"allow":["GET"]}}],"collection":[{"href":"https:\/\/blogs.correiobraziliense.com.br\/cbpoder\/wp-json\/wp\/v2\/posts"}],"about":[{"href":"https:\/\/blogs.correiobraziliense.com.br\/cbpoder\/wp-json\/wp\/v2\/types\/post"}],"author":[{"embeddable":true,"href":"https:\/\/blogs.correiobraziliense.com.br\/cbpoder\/wp-json\/wp\/v2\/users\/9"}],"replies":[{"embeddable":true,"href":"https:\/\/blogs.correiobraziliense.com.br\/cbpoder\/wp-json\/wp\/v2\/comments?post=10277"}],"version-history":[{"count":4,"href":"https:\/\/blogs.correiobraziliense.com.br\/cbpoder\/wp-json\/wp\/v2\/posts\/10277\/revisions"}],"predecessor-version":[{"id":10282,"href":"https:\/\/blogs.correiobraziliense.com.br\/cbpoder\/wp-json\/wp\/v2\/posts\/10277\/revisions\/10282"}],"wp:featuredmedia":[{"embeddable":true,"href":"https:\/\/blogs.correiobraziliense.com.br\/cbpoder\/wp-json\/wp\/v2\/media\/10279"}],"wp:attachment":[{"href":"https:\/\/blogs.correiobraziliense.com.br\/cbpoder\/wp-json\/wp\/v2\/media?parent=10277"}],"wp:term":[{"taxonomy":"category","embeddable":true,"href":"https:\/\/blogs.correiobraziliense.com.br\/cbpoder\/wp-json\/wp\/v2\/categories?post=10277"},{"taxonomy":"post_tag","embeddable":true,"href":"https:\/\/blogs.correiobraziliense.com.br\/cbpoder\/wp-json\/wp\/v2\/tags?post=10277"}],"curies":[{"name":"wp","href":"https:\/\/api.w.org\/{rel}","templated":true}]}}