{"id":10263,"date":"2018-01-04T17:37:52","date_gmt":"2018-01-04T19:37:52","guid":{"rendered":"https:\/\/blogs.correiobraziliense.com.br\/cbpoder\/?p=10263"},"modified":"2018-01-04T18:37:02","modified_gmt":"2018-01-04T20:37:02","slug":"pessoas-com-doencas-graves-terao-prioridade-para-receber-pecunias","status":"publish","type":"post","link":"https:\/\/blogs.correiobraziliense.com.br\/cbpoder\/pessoas-com-doencas-graves-terao-prioridade-para-receber-pecunias\/","title":{"rendered":"Pessoas com doen\u00e7as graves ter\u00e3o prioridade para receber pec\u00fanias"},"content":{"rendered":"<p><span style=\"font-weight: 400\">Com uma d\u00edvida pecuni\u00e1ria que beira os R$ 500 milh\u00f5es, o GDF vai priorizar, no momento de destina\u00e7\u00e3o desses repasses, aposentados\u00a0portadores de defici\u00eancia f\u00edsica ou mental, com doen\u00e7as graves ou idade superior a 60 anos. A garantia \u00e9 estabelecida pela lei n\u00ba 6.037, a qual garante que sejam atendidos primeiro os processos administrativos em que pessoas enquadradas nestas classifica\u00e7\u00f5es apare\u00e7am\u00a0como partes ou interessadas. \u00a0<\/span><\/p>\n<p>&nbsp;<\/p>\n<p><span style=\"font-weight: 400\">O texto, publicado no <\/span><i><span style=\"font-weight: 400\">Di\u00e1rio Oficial do DF <\/span><\/i><span style=\"font-weight: 400\">em 22 de dezembro de 2017, adequa a legisla\u00e7\u00e3o local \u00e0 disposi\u00e7\u00e3o federal. Conforme a lei, os interessados devem requerer a obten\u00e7\u00e3o do benef\u00edcio \u00e0 autoridade administrativa, com provas da condi\u00e7\u00e3o. <\/span><\/p>\n<p>&nbsp;<\/p>\n<p><span style=\"font-weight: 400\">A licen\u00e7a-pr\u00eamio tem car\u00e1ter indenizat\u00f3rio e concede ao servidor efetivo tr\u00eas meses de repouso a cada cinco anos de trabalho. Caso ele abra m\u00e3o dos descansos, poder\u00e1, ao se aposentar, transform\u00e1-los em dinheiro. Essa convers\u00e3o \u00e9 chamada de pec\u00fania.<\/span><\/p>\n<p>&nbsp;<\/p>\n<p><b>Atrasos<\/b><\/p>\n<p>&nbsp;<\/p>\n<p><span style=\"font-weight: 400\">Diretora do Sindicato dos Professores do DF (Sinpro\/DF), Rosilene Corr\u00eaa afirma que a medida classifica-se como uma alternativa para \u201camenizar a situa\u00e7\u00e3o\u201d.\u00a0Na \u00faltima semana de 2017, o governo realizou os repasses aos funcion\u00e1rios que se aposentaram em fevereiro de 2016. Conforme a lei, contudo, a quita\u00e7\u00e3o deveria ser realizada em at\u00e9 60 dias ap\u00f3s a aposentadoria.\u00a0<\/span>\u201cO GDF tem uma d\u00edvida com o funcionalismo quanto ao pagamento das pec\u00fanias. A ideia, portanto, era tirar da fila gigantesca pessoas que enfrentam quadros graves de sa\u00fade, por exemplo. \u00c9 um dinheiro que poderia ajudar no tratamento&#8221;, frisa.<\/p>\n<p>&nbsp;<\/p>\n<p>A condi\u00e7\u00e3o agrava-se com o passar do tempo. O governo prometeu,\u00a0em abril, a destina\u00e7\u00e3o de R$ 100 milh\u00f5es\u00a0durante o exerc\u00edcio de 2017 ao pagamento pecuni\u00e1rio. Ao fim do ano, contudo, executou apenas R$ 20 milh\u00f5es. Devido aos atrasos, o Sinpro negocia com distritais e governistas altera\u00e7\u00f5es no cr\u00e9dito de R$ 1,2 bilh\u00e3o que ser\u00e1 votado na C\u00e2mara Legislativa, no pr\u00f3ximo dia 15. O montante equivale \u00e0s economias do Executivo local com a reforma previdenci\u00e1ria e deve ser aplicado em nomea\u00e7\u00f5es e obras. Os sindicalistas, no entanto, esperam realocar parte da verba para o pagamento de pec\u00fanias.<\/p>\n<p>&nbsp;<\/p>\n","protected":false},"excerpt":{"rendered":"<p>Com uma d\u00edvida pecuni\u00e1ria que beira os R$ 500 milh\u00f5es, o GDF vai priorizar, no momento de destina\u00e7\u00e3o desses repasses, aposentados\u00a0portadores de defici\u00eancia f\u00edsica ou mental, com doen\u00e7as graves ou idade superior a 60 anos. A garantia \u00e9 estabelecida pela lei n\u00ba 6.037, a qual garante que sejam atendidos primeiro os processos administrativos em que pessoas enquadradas nestas classifica\u00e7\u00f5es apare\u00e7am\u00a0como [&hellip;]<\/p>\n","protected":false},"author":90,"featured_media":10265,"comment_status":"open","ping_status":"closed","sticky":false,"template":"","format":"standard","meta":{"footnotes":""},"categories":[234],"tags":[1020,16,1022,1021,271],"class_list":["post-10263","post","type-post","status-publish","format-standard","has-post-thumbnail","hentry","category-cb-poder","tag-funcionalismo","tag-gdf","tag-licenca-premio","tag-pecunias","tag-servidores"],"_links":{"self":[{"href":"https:\/\/blogs.correiobraziliense.com.br\/cbpoder\/wp-json\/wp\/v2\/posts\/10263","targetHints":{"allow":["GET"]}}],"collection":[{"href":"https:\/\/blogs.correiobraziliense.com.br\/cbpoder\/wp-json\/wp\/v2\/posts"}],"about":[{"href":"https:\/\/blogs.correiobraziliense.com.br\/cbpoder\/wp-json\/wp\/v2\/types\/post"}],"author":[{"embeddable":true,"href":"https:\/\/blogs.correiobraziliense.com.br\/cbpoder\/wp-json\/wp\/v2\/users\/90"}],"replies":[{"embeddable":true,"href":"https:\/\/blogs.correiobraziliense.com.br\/cbpoder\/wp-json\/wp\/v2\/comments?post=10263"}],"version-history":[{"count":6,"href":"https:\/\/blogs.correiobraziliense.com.br\/cbpoder\/wp-json\/wp\/v2\/posts\/10263\/revisions"}],"predecessor-version":[{"id":10270,"href":"https:\/\/blogs.correiobraziliense.com.br\/cbpoder\/wp-json\/wp\/v2\/posts\/10263\/revisions\/10270"}],"wp:featuredmedia":[{"embeddable":true,"href":"https:\/\/blogs.correiobraziliense.com.br\/cbpoder\/wp-json\/wp\/v2\/media\/10265"}],"wp:attachment":[{"href":"https:\/\/blogs.correiobraziliense.com.br\/cbpoder\/wp-json\/wp\/v2\/media?parent=10263"}],"wp:term":[{"taxonomy":"category","embeddable":true,"href":"https:\/\/blogs.correiobraziliense.com.br\/cbpoder\/wp-json\/wp\/v2\/categories?post=10263"},{"taxonomy":"post_tag","embeddable":true,"href":"https:\/\/blogs.correiobraziliense.com.br\/cbpoder\/wp-json\/wp\/v2\/tags?post=10263"}],"curies":[{"name":"wp","href":"https:\/\/api.w.org\/{rel}","templated":true}]}}