{"id":10244,"date":"2017-12-23T09:54:44","date_gmt":"2017-12-23T11:54:44","guid":{"rendered":"https:\/\/blogs.correiobraziliense.com.br\/cbpoder\/?p=10244"},"modified":"2017-12-23T09:59:01","modified_gmt":"2017-12-23T11:59:01","slug":"pesquisa-indica-que-empresariado-do-df-esta-mais-confiante-no-sucesso-da-economia","status":"publish","type":"post","link":"https:\/\/blogs.correiobraziliense.com.br\/cbpoder\/pesquisa-indica-que-empresariado-do-df-esta-mais-confiante-no-sucesso-da-economia\/","title":{"rendered":"Pesquisa indica que empresariado do DF est\u00e1 mais confiante na economia"},"content":{"rendered":"<hr \/>\n<p>Uma pesquisa da Federa\u00e7\u00e3o das Ind\u00fastrias do DF (Fibra) apontou que a confian\u00e7a do empresariado brasiliense no crescimento da economia atingiu o maior n\u00edvel dos \u00faltimos quatro anos.<\/p>\n<p>O \u00edndice atingiu 58 pontos agora em dezembro, maior patamar desde abril de 2013, quando estava na casa de 54,9 pontos, de acordo com crit\u00e9rios da Fibra, em levantamento com a Confedera\u00e7\u00e3o Nacional da Ind\u00fastria (CNI) e do Instituto Euvaldo Lodi (IEL\/DF).<\/p>\n<p>Segundo a Fibra, quando o indicador, que varia de zero a 100 pontos, est\u00e1 acima de 50 pontos aponta um quadro positivo.<\/p>\n<p>O resultado representa, de acordo com estudo da entidade, uma melhora na avalia\u00e7\u00e3o dos empres\u00e1rios sobre as condi\u00e7\u00f5es atuais.<\/p>\n<p>Para a Fibra, esse quadro se deve \u00e0s mudan\u00e7as na pol\u00edtica de desenvolvimento econ\u00f4mico ocorridas nos \u00faltimos quatro meses, o que criou um melhor ambiente para neg\u00f3cios e investimentos.<\/p>\n<p>O estudo da Fibra apontou algumas a\u00e7\u00f5es do atual governo do DF como medidas estrat\u00e9gicas de impacto positivo na economia. S\u00e3o elas: a reativa\u00e7\u00e3o do PR\u00d3-DF e do Programa IDEAS, o impulso nos trabalhos do Comit\u00ea de Financiamento \u00e0 Atividade Produtiva do DF (COFAP), a retomada da execu\u00e7\u00e3o do Programa PROCIDADES; a redu\u00e7\u00e3o da carga tribut\u00e1ria para a aquisi\u00e7\u00e3o de insumos nas empresas industriais de micro e pequeno porte; e a adequa\u00e7\u00e3o de legisla\u00e7\u00e3o tribut\u00e1ria do ICMS \u00e0s condi\u00e7\u00f5es de competitividade (amplia\u00e7\u00e3o das possibilidades de aproveitamento do cr\u00e9dito de ICMS).<\/p>\n","protected":false},"excerpt":{"rendered":"<p>Uma pesquisa da Federa\u00e7\u00e3o das Ind\u00fastrias do DF (Fibra) apontou que a confian\u00e7a do empresariado brasiliense no crescimento da economia atingiu o maior n\u00edvel dos \u00faltimos quatro anos. O \u00edndice atingiu 58 pontos agora em dezembro, maior patamar desde abril de 2013, quando estava na casa de 54,9 pontos, de acordo com crit\u00e9rios da Fibra, em levantamento com a Confedera\u00e7\u00e3o [&hellip;]<\/p>\n","protected":false},"author":9,"featured_media":10245,"comment_status":"open","ping_status":"closed","sticky":false,"template":"","format":"standard","meta":{"footnotes":""},"categories":[234],"tags":[1014,1013,1012],"class_list":["post-10244","post","type-post","status-publish","format-standard","has-post-thumbnail","hentry","category-cb-poder","tag-confianca","tag-empresariado","tag-fibra"],"_links":{"self":[{"href":"https:\/\/blogs.correiobraziliense.com.br\/cbpoder\/wp-json\/wp\/v2\/posts\/10244","targetHints":{"allow":["GET"]}}],"collection":[{"href":"https:\/\/blogs.correiobraziliense.com.br\/cbpoder\/wp-json\/wp\/v2\/posts"}],"about":[{"href":"https:\/\/blogs.correiobraziliense.com.br\/cbpoder\/wp-json\/wp\/v2\/types\/post"}],"author":[{"embeddable":true,"href":"https:\/\/blogs.correiobraziliense.com.br\/cbpoder\/wp-json\/wp\/v2\/users\/9"}],"replies":[{"embeddable":true,"href":"https:\/\/blogs.correiobraziliense.com.br\/cbpoder\/wp-json\/wp\/v2\/comments?post=10244"}],"version-history":[{"count":1,"href":"https:\/\/blogs.correiobraziliense.com.br\/cbpoder\/wp-json\/wp\/v2\/posts\/10244\/revisions"}],"predecessor-version":[{"id":10246,"href":"https:\/\/blogs.correiobraziliense.com.br\/cbpoder\/wp-json\/wp\/v2\/posts\/10244\/revisions\/10246"}],"wp:featuredmedia":[{"embeddable":true,"href":"https:\/\/blogs.correiobraziliense.com.br\/cbpoder\/wp-json\/wp\/v2\/media\/10245"}],"wp:attachment":[{"href":"https:\/\/blogs.correiobraziliense.com.br\/cbpoder\/wp-json\/wp\/v2\/media?parent=10244"}],"wp:term":[{"taxonomy":"category","embeddable":true,"href":"https:\/\/blogs.correiobraziliense.com.br\/cbpoder\/wp-json\/wp\/v2\/categories?post=10244"},{"taxonomy":"post_tag","embeddable":true,"href":"https:\/\/blogs.correiobraziliense.com.br\/cbpoder\/wp-json\/wp\/v2\/tags?post=10244"}],"curies":[{"name":"wp","href":"https:\/\/api.w.org\/{rel}","templated":true}]}}