{"id":10151,"date":"2017-12-12T20:25:11","date_gmt":"2017-12-12T22:25:11","guid":{"rendered":"https:\/\/blogs.correiobraziliense.com.br\/cbpoder\/?p=10151"},"modified":"2017-12-12T20:43:10","modified_gmt":"2017-12-12T22:43:10","slug":"camara-legislativa-aprova-gratuidade-no-transporte-publico-partir-de-60-anos","status":"publish","type":"post","link":"https:\/\/blogs.correiobraziliense.com.br\/cbpoder\/camara-legislativa-aprova-gratuidade-no-transporte-publico-partir-de-60-anos\/","title":{"rendered":"C\u00e2mara Legislativa aprova gratuidade no transporte p\u00fablico a partir de 60 anos"},"content":{"rendered":"<p>BRUNO LIMA<\/p>\n<p>ESPECIAL PARA CORREIO<\/p>\n<p>A C\u00e2mara Legislativa aprovou, nesta ter\u00e7a-feira (12), em segundo turno, a amplia\u00e7\u00e3o da gratuidade no sistema de transporte coletivo do DF a pessoas a partir do 60 anos. Pela regra atual, s\u00f3 tem direito ao passe livre quem tem mais de 65 anos. O GDF n\u00e3o pode vetar o texto por se tratar de Emenda \u00e0 Lei Org\u00e2nica.<\/p>\n<p>A proposta \u00e9 de autoria do presidente da C\u00e2mara Legislativa, Joe Vale (PDT). Na justificativa da emenda \u00e0 Lei Org\u00e2nica n\u00ba 41\/2012, o distrital argumenta que, com a aprova\u00e7\u00e3o do Estatuto do Idoso, a legisla\u00e7\u00e3o federal autorizou os Estados e o Distrito Federal a estenderem o direito \u00e0 gratuidade de transporte para as pessoas com faixa et\u00e1ria entre 60 e 65 anos.<\/p>\n<p>A menos de um ano das elei\u00e7\u00f5es, o epis\u00f3dio deve virar mais uma queda de bra\u00e7o entre o Executivo e o Legislativo local. No in\u00edcio do ano. o aumento das passagens em 25% virou uma dor de cabe\u00e7a para o governador Rodrigo Rollemberg (PSB). O socialista teve que interromper as f\u00e9rias para enfrentar a forte resist\u00eancia da C\u00e2mara Legislativa que n\u00e3o polpou cr\u00edticas \u00e0 medida.<\/p>\n<p>O reajuste foi anunciado no dia 30 de dezembro e aumentou de R$ 2,25 para R$ 2,50, no caso de linhas circulares internas; de R$ 3 para R$3,50, nas passagens de coletivos de liga\u00e7\u00e3o curta; e de R$ 4 para R$ 5, nas viagens de longa dist\u00e2ncia e no metr\u00f4. A base do governo e a oposi\u00e7\u00e3o chegaram a entrar na Justi\u00e7a para tentar reverter o reajuste, o que n\u00e3o ocorreu.<\/p>\n","protected":false},"excerpt":{"rendered":"<p>BRUNO LIMA ESPECIAL PARA CORREIO A C\u00e2mara Legislativa aprovou, nesta ter\u00e7a-feira (12), em segundo turno, a amplia\u00e7\u00e3o da gratuidade no sistema de transporte coletivo do DF a pessoas a partir do 60 anos. Pela regra atual, s\u00f3 tem direito ao passe livre quem tem mais de 65 anos. O GDF n\u00e3o pode vetar o texto por se tratar de Emenda [&hellip;]<\/p>\n","protected":false},"author":9,"featured_media":10152,"comment_status":"open","ping_status":"closed","sticky":false,"template":"","format":"standard","meta":{"footnotes":""},"categories":[234],"tags":[996,266,546,229],"class_list":["post-10151","post","type-post","status-publish","format-standard","has-post-thumbnail","hentry","category-cb-poder","tag-60-anos","tag-joe-valle","tag-passe-livre","tag-transporte-publico"],"_links":{"self":[{"href":"https:\/\/blogs.correiobraziliense.com.br\/cbpoder\/wp-json\/wp\/v2\/posts\/10151","targetHints":{"allow":["GET"]}}],"collection":[{"href":"https:\/\/blogs.correiobraziliense.com.br\/cbpoder\/wp-json\/wp\/v2\/posts"}],"about":[{"href":"https:\/\/blogs.correiobraziliense.com.br\/cbpoder\/wp-json\/wp\/v2\/types\/post"}],"author":[{"embeddable":true,"href":"https:\/\/blogs.correiobraziliense.com.br\/cbpoder\/wp-json\/wp\/v2\/users\/9"}],"replies":[{"embeddable":true,"href":"https:\/\/blogs.correiobraziliense.com.br\/cbpoder\/wp-json\/wp\/v2\/comments?post=10151"}],"version-history":[{"count":2,"href":"https:\/\/blogs.correiobraziliense.com.br\/cbpoder\/wp-json\/wp\/v2\/posts\/10151\/revisions"}],"predecessor-version":[{"id":10154,"href":"https:\/\/blogs.correiobraziliense.com.br\/cbpoder\/wp-json\/wp\/v2\/posts\/10151\/revisions\/10154"}],"wp:featuredmedia":[{"embeddable":true,"href":"https:\/\/blogs.correiobraziliense.com.br\/cbpoder\/wp-json\/wp\/v2\/media\/10152"}],"wp:attachment":[{"href":"https:\/\/blogs.correiobraziliense.com.br\/cbpoder\/wp-json\/wp\/v2\/media?parent=10151"}],"wp:term":[{"taxonomy":"category","embeddable":true,"href":"https:\/\/blogs.correiobraziliense.com.br\/cbpoder\/wp-json\/wp\/v2\/categories?post=10151"},{"taxonomy":"post_tag","embeddable":true,"href":"https:\/\/blogs.correiobraziliense.com.br\/cbpoder\/wp-json\/wp\/v2\/tags?post=10151"}],"curies":[{"name":"wp","href":"https:\/\/api.w.org\/{rel}","templated":true}]}}