{"id":10117,"date":"2017-12-05T04:00:07","date_gmt":"2017-12-05T06:00:07","guid":{"rendered":"https:\/\/blogs.correiobraziliense.com.br\/cbpoder\/?p=10117"},"modified":"2017-12-05T01:53:17","modified_gmt":"2017-12-05T03:53:17","slug":"lider-do-governo-negocia-proposta-de-reajuste-para-a-pcdf","status":"publish","type":"post","link":"https:\/\/blogs.correiobraziliense.com.br\/cbpoder\/lider-do-governo-negocia-proposta-de-reajuste-para-a-pcdf\/","title":{"rendered":"L\u00edder do governo negocia proposta de reajuste para a Pol\u00edcia Civil do DF"},"content":{"rendered":"<hr \/>\n<p>ANA MARIA CAMPOS<\/p>\n<p>Come\u00e7a a surgir uma nova proposta de reajuste para a Pol\u00edcia Civil do DF. L\u00edder do governo na C\u00e2mara Legislativa, o deputado Agaciel Maia (PR) est\u00e1 \u00e0 frente das negocia\u00e7\u00f5es.<\/p>\n<p>A ideia \u00e9 conceder um aumento imediato de 14% nos contracheques e ampliar em uma hora a carga hor\u00e1ria dos policiais civis que hoje t\u00eam uma jornada de sete horas nas delegacias, de 12 horas \u00e0s 19 horas.<\/p>\n<p>O assunto \u00e9 tratado nos bastidores e o governo ainda n\u00e3o bateu o martelo.<\/p>\n<p>Pelo prest\u00edgio que mant\u00e9m com o governador Rodrigo Rollemberg, Agaciel pode conseguir e ficar\u00e1 com uma bandeira e tanto nas pr\u00f3ximas elei\u00e7\u00f5es.<\/p>\n<p>O aumento \u00e9 abaixo dos 37% referentes \u00e0 paridade dos sal\u00e1rios da Pol\u00edcia Civil com a Pol\u00edcia Federal, mas seria um avan\u00e7o para quem n\u00e3o tem garantido nenhum centavo a mais nos sal\u00e1rios.<\/p>\n<p>O percentual do reajuste \u00e9 proporcional ao aumento da carga hor\u00e1ria e seria uma esp\u00e9cie de compensa\u00e7\u00e3o pela hora trabalhada a mais.<\/p>\n","protected":false},"excerpt":{"rendered":"<p>ANA MARIA CAMPOS Come\u00e7a a surgir uma nova proposta de reajuste para a Pol\u00edcia Civil do DF. L\u00edder do governo na C\u00e2mara Legislativa, o deputado Agaciel Maia (PR) est\u00e1 \u00e0 frente das negocia\u00e7\u00f5es. A ideia \u00e9 conceder um aumento imediato de 14% nos contracheques e ampliar em uma hora a carga hor\u00e1ria dos policiais civis que hoje t\u00eam uma jornada [&hellip;]<\/p>\n","protected":false},"author":9,"featured_media":7903,"comment_status":"open","ping_status":"closed","sticky":false,"template":"","format":"standard","meta":{"footnotes":""},"categories":[234],"tags":[978,467,102,288],"class_list":["post-10117","post","type-post","status-publish","format-standard","has-post-thumbnail","hentry","category-cb-poder","tag-agaciel-maia","tag-paridade","tag-policia-civil","tag-reajuste"],"_links":{"self":[{"href":"https:\/\/blogs.correiobraziliense.com.br\/cbpoder\/wp-json\/wp\/v2\/posts\/10117","targetHints":{"allow":["GET"]}}],"collection":[{"href":"https:\/\/blogs.correiobraziliense.com.br\/cbpoder\/wp-json\/wp\/v2\/posts"}],"about":[{"href":"https:\/\/blogs.correiobraziliense.com.br\/cbpoder\/wp-json\/wp\/v2\/types\/post"}],"author":[{"embeddable":true,"href":"https:\/\/blogs.correiobraziliense.com.br\/cbpoder\/wp-json\/wp\/v2\/users\/9"}],"replies":[{"embeddable":true,"href":"https:\/\/blogs.correiobraziliense.com.br\/cbpoder\/wp-json\/wp\/v2\/comments?post=10117"}],"version-history":[{"count":2,"href":"https:\/\/blogs.correiobraziliense.com.br\/cbpoder\/wp-json\/wp\/v2\/posts\/10117\/revisions"}],"predecessor-version":[{"id":10119,"href":"https:\/\/blogs.correiobraziliense.com.br\/cbpoder\/wp-json\/wp\/v2\/posts\/10117\/revisions\/10119"}],"wp:featuredmedia":[{"embeddable":true,"href":"https:\/\/blogs.correiobraziliense.com.br\/cbpoder\/wp-json\/wp\/v2\/media\/7903"}],"wp:attachment":[{"href":"https:\/\/blogs.correiobraziliense.com.br\/cbpoder\/wp-json\/wp\/v2\/media?parent=10117"}],"wp:term":[{"taxonomy":"category","embeddable":true,"href":"https:\/\/blogs.correiobraziliense.com.br\/cbpoder\/wp-json\/wp\/v2\/categories?post=10117"},{"taxonomy":"post_tag","embeddable":true,"href":"https:\/\/blogs.correiobraziliense.com.br\/cbpoder\/wp-json\/wp\/v2\/tags?post=10117"}],"curies":[{"name":"wp","href":"https:\/\/api.w.org\/{rel}","templated":true}]}}