{"id":10014,"date":"2017-11-16T11:17:57","date_gmt":"2017-11-16T13:17:57","guid":{"rendered":"https:\/\/blogs.correiobraziliense.com.br\/cbpoder\/?p=10014"},"modified":"2017-11-16T11:17:57","modified_gmt":"2017-11-16T13:17:57","slug":"valdir-oliveira-tem-apoio-de-empresarios","status":"publish","type":"post","link":"https:\/\/blogs.correiobraziliense.com.br\/cbpoder\/valdir-oliveira-tem-apoio-de-empresarios\/","title":{"rendered":"Incentivado a disputar as elei\u00e7\u00f5es, Valdir Oliveira tem apoio do empresariado"},"content":{"rendered":"<div><\/div>\n<div>Em reuni\u00f5es com representantes do setor produtivo, o secret\u00e1rio de Economia e Desenvolvimento Sustent\u00e1vel, Valdir Oliveira, tem sido incentivado a concorrer ao Pal\u00e1cio do Buriti. Muita gente entende que ele pode empolgar o eleitorado por nunca ter a concorrido a cargos eletivos e por defender medidas que agradam ao empresariado.<\/div>\n<div><\/div>\n<div>Uma das legendas que abriram as portas para o ex-superintendente regional do Sebrae est\u00e1 o Partido Novo. Mas Valdir \u00e9 aliado do governador Rodrigo Rollemberg (PSB) e vai defender o projeto de reelei\u00e7\u00e3o.<\/div>\n<div><\/div>\n<div>Ou para ser vice&#8230;<\/div>\n<div>Como n\u00e3o se disp\u00f5e a concorrer ao cargo de 01, quem sabe de 02? Para empres\u00e1rios e dirigentes de entidades do setor produtivo, Valdir Oliveira daria um bom vice na chapa de Rodrigo Rollemberg. Ele n\u00e3o comenta.<\/div>\n","protected":false},"excerpt":{"rendered":"<p>Em reuni\u00f5es com representantes do setor produtivo, o secret\u00e1rio de Economia e Desenvolvimento Sustent\u00e1vel, Valdir Oliveira, tem sido incentivado a concorrer ao Pal\u00e1cio do Buriti. Muita gente entende que ele pode empolgar o eleitorado por nunca ter a concorrido a cargos eletivos e por defender medidas que agradam ao empresariado. Uma das legendas que abriram as portas para o ex-superintendente [&hellip;]<\/p>\n","protected":false},"author":9,"featured_media":10015,"comment_status":"open","ping_status":"closed","sticky":false,"template":"","format":"standard","meta":{"footnotes":""},"categories":[234],"tags":[],"class_list":["post-10014","post","type-post","status-publish","format-standard","has-post-thumbnail","hentry","category-cb-poder"],"_links":{"self":[{"href":"https:\/\/blogs.correiobraziliense.com.br\/cbpoder\/wp-json\/wp\/v2\/posts\/10014","targetHints":{"allow":["GET"]}}],"collection":[{"href":"https:\/\/blogs.correiobraziliense.com.br\/cbpoder\/wp-json\/wp\/v2\/posts"}],"about":[{"href":"https:\/\/blogs.correiobraziliense.com.br\/cbpoder\/wp-json\/wp\/v2\/types\/post"}],"author":[{"embeddable":true,"href":"https:\/\/blogs.correiobraziliense.com.br\/cbpoder\/wp-json\/wp\/v2\/users\/9"}],"replies":[{"embeddable":true,"href":"https:\/\/blogs.correiobraziliense.com.br\/cbpoder\/wp-json\/wp\/v2\/comments?post=10014"}],"version-history":[{"count":1,"href":"https:\/\/blogs.correiobraziliense.com.br\/cbpoder\/wp-json\/wp\/v2\/posts\/10014\/revisions"}],"predecessor-version":[{"id":10016,"href":"https:\/\/blogs.correiobraziliense.com.br\/cbpoder\/wp-json\/wp\/v2\/posts\/10014\/revisions\/10016"}],"wp:featuredmedia":[{"embeddable":true,"href":"https:\/\/blogs.correiobraziliense.com.br\/cbpoder\/wp-json\/wp\/v2\/media\/10015"}],"wp:attachment":[{"href":"https:\/\/blogs.correiobraziliense.com.br\/cbpoder\/wp-json\/wp\/v2\/media?parent=10014"}],"wp:term":[{"taxonomy":"category","embeddable":true,"href":"https:\/\/blogs.correiobraziliense.com.br\/cbpoder\/wp-json\/wp\/v2\/categories?post=10014"},{"taxonomy":"post_tag","embeddable":true,"href":"https:\/\/blogs.correiobraziliense.com.br\/cbpoder\/wp-json\/wp\/v2\/tags?post=10014"}],"curies":[{"name":"wp","href":"https:\/\/api.w.org\/{rel}","templated":true}]}}