{"id":10008,"date":"2017-11-14T14:25:34","date_gmt":"2017-11-14T16:25:34","guid":{"rendered":"https:\/\/blogs.correiobraziliense.com.br\/cbpoder\/?p=10008"},"modified":"2017-11-14T14:25:34","modified_gmt":"2017-11-14T16:25:34","slug":"mpdft-investiga-compra-de-radios-da-pm-que-nao-funcionam","status":"publish","type":"post","link":"https:\/\/blogs.correiobraziliense.com.br\/cbpoder\/mpdft-investiga-compra-de-radios-da-pm-que-nao-funcionam\/","title":{"rendered":"MPDFT investiga compra de r\u00e1dios da PM que n\u00e3o funcionam"},"content":{"rendered":"<p>ANA MARIA CAMPOS<\/p>\n<p>Entre os contratos da Pol\u00edcia Militar do DF sob investiga\u00e7\u00e3o est\u00e1 o relacionado \u00e0 aquisi\u00e7\u00e3o dos r\u00e1dios de comunica\u00e7\u00e3o das novas viaturas compradas no fim do ano passado.<\/p>\n<p>Os equipamentos n\u00e3o est\u00e3o conectados ao sistema de comunica\u00e7\u00e3o da PMDF e n\u00e3o servem para o prop\u00f3sito definido no edital de licita\u00e7\u00e3o. \u00a0Num teste realizado pela pr\u00f3pria PMDF, os r\u00e1dios foram reprovados por um especialista. Mas ele foi afastado do cargo.<\/p>\n<p>Segundo levantamento no sistema de acompanhamento de contratos da PMDF, cada r\u00e1dio custou R$ 6645,00.<\/p>\n<p>A investiga\u00e7\u00e3o \u00e9 do Minist\u00e9rio P\u00fablico do DF, sob a coordena\u00e7\u00e3o do Grupo de Atua\u00e7\u00e3o Especial de Combate ao Crime Organizado (GAECO), das Promotorias Militares e do Centro de Intelig\u00eancia (CI), em conjunto com a Corregedoria da Pol\u00edcia Militar do DF, na Opera\u00e7\u00e3o Mamon.<\/p>\n<p>Nesta manh\u00e3, o diretor de Log\u00edstica e Fina\u00e7as da PMDF, coronel Francisco Feitosa, foi preso pelos promotores de Justi\u00e7a, sob suspeita de extorquir\u00a0empres\u00e1rios.<\/p>\n","protected":false},"excerpt":{"rendered":"<p>ANA MARIA CAMPOS Entre os contratos da Pol\u00edcia Militar do DF sob investiga\u00e7\u00e3o est\u00e1 o relacionado \u00e0 aquisi\u00e7\u00e3o dos r\u00e1dios de comunica\u00e7\u00e3o das novas viaturas compradas no fim do ano passado. Os equipamentos n\u00e3o est\u00e3o conectados ao sistema de comunica\u00e7\u00e3o da PMDF e n\u00e3o servem para o prop\u00f3sito definido no edital de licita\u00e7\u00e3o. \u00a0Num teste realizado pela pr\u00f3pria PMDF, os [&hellip;]<\/p>\n","protected":false},"author":9,"featured_media":0,"comment_status":"open","ping_status":"closed","sticky":false,"template":"","format":"standard","meta":{"footnotes":""},"categories":[234],"tags":[718,521,498,971,973],"class_list":["post-10008","post","type-post","status-publish","format-standard","hentry","category-cb-poder","tag-corregedoria","tag-gaeco","tag-mpdft","tag-pmdf","tag-radios"],"_links":{"self":[{"href":"https:\/\/blogs.correiobraziliense.com.br\/cbpoder\/wp-json\/wp\/v2\/posts\/10008","targetHints":{"allow":["GET"]}}],"collection":[{"href":"https:\/\/blogs.correiobraziliense.com.br\/cbpoder\/wp-json\/wp\/v2\/posts"}],"about":[{"href":"https:\/\/blogs.correiobraziliense.com.br\/cbpoder\/wp-json\/wp\/v2\/types\/post"}],"author":[{"embeddable":true,"href":"https:\/\/blogs.correiobraziliense.com.br\/cbpoder\/wp-json\/wp\/v2\/users\/9"}],"replies":[{"embeddable":true,"href":"https:\/\/blogs.correiobraziliense.com.br\/cbpoder\/wp-json\/wp\/v2\/comments?post=10008"}],"version-history":[{"count":1,"href":"https:\/\/blogs.correiobraziliense.com.br\/cbpoder\/wp-json\/wp\/v2\/posts\/10008\/revisions"}],"predecessor-version":[{"id":10009,"href":"https:\/\/blogs.correiobraziliense.com.br\/cbpoder\/wp-json\/wp\/v2\/posts\/10008\/revisions\/10009"}],"wp:attachment":[{"href":"https:\/\/blogs.correiobraziliense.com.br\/cbpoder\/wp-json\/wp\/v2\/media?parent=10008"}],"wp:term":[{"taxonomy":"category","embeddable":true,"href":"https:\/\/blogs.correiobraziliense.com.br\/cbpoder\/wp-json\/wp\/v2\/categories?post=10008"},{"taxonomy":"post_tag","embeddable":true,"href":"https:\/\/blogs.correiobraziliense.com.br\/cbpoder\/wp-json\/wp\/v2\/tags?post=10008"}],"curies":[{"name":"wp","href":"https:\/\/api.w.org\/{rel}","templated":true}]}}