{"id":105,"count":1,"description":"","link":"https:\/\/blogs.correiobraziliense.com.br\/capital-sa\/tag\/lide-ibaneis-ceb-metro-grupo-de-lideres-empresariais-caesb-brasiliapalace\/","name":"#lide #ibaneis #ceb #metr\u00f4 #Grupo de L\u00edderes Empresariais #caesb #Bras\u00edliaPalace","slug":"lide-ibaneis-ceb-metro-grupo-de-lideres-empresariais-caesb-brasiliapalace","taxonomy":"post_tag","meta":[],"_links":{"self":[{"href":"https:\/\/blogs.correiobraziliense.com.br\/capital-sa\/wp-json\/wp\/v2\/tags\/105","targetHints":{"allow":["GET"]}}],"collection":[{"href":"https:\/\/blogs.correiobraziliense.com.br\/capital-sa\/wp-json\/wp\/v2\/tags"}],"about":[{"href":"https:\/\/blogs.correiobraziliense.com.br\/capital-sa\/wp-json\/wp\/v2\/taxonomies\/post_tag"}],"wp:post_type":[{"href":"https:\/\/blogs.correiobraziliense.com.br\/capital-sa\/wp-json\/wp\/v2\/posts?tags=105"}],"curies":[{"name":"wp","href":"https:\/\/api.w.org\/{rel}","templated":true}]}}