{"id":9973,"date":"2022-09-25T16:25:20","date_gmt":"2022-09-25T19:25:20","guid":{"rendered":"https:\/\/blogs.correiobraziliense.com.br\/capital-sa\/?p=9973"},"modified":"2022-10-01T19:03:56","modified_gmt":"2022-10-01T22:03:56","slug":"como-vender-ideias-e-influenciar-pessoas","status":"publish","type":"post","link":"https:\/\/blogs.correiobraziliense.com.br\/capital-sa\/2022\/09\/25\/como-vender-ideias-e-influenciar-pessoas\/","title":{"rendered":"Como vender ideias e influenciar pessoas"},"content":{"rendered":"<p><span class=\"s1\">A Dale Carnegie Treinamentos completa 110 anos como refer\u00eancia em empresas de treinamento do mundo. Desde a celebra\u00e7\u00e3o do centen\u00e1rio, h\u00e1 10 anos, a multinacional promove o <\/span><span class=\"s2\">Global Day of Giving<\/span><span class=\"s1\">, projeto social que est\u00e1 de volta ajudando institui\u00e7\u00f5es de caridade e promovendo treinamentos gratuitos. E Bras\u00edlia vai realizar um m\u00eas inteiro de a\u00e7\u00f5es.<br \/>\n<\/span><\/p>\n<p class=\"p1\"><span class=\"s1\">Para abrir o calend\u00e1rio social, a empresa realiza a palestra <\/span><span class=\"s2\"><i>Como vender ideias e influenciar pessoas<\/i><\/span><span class=\"s1\">,<\/span> <span class=\"s1\">em 27 de setembro, \u00e0s 19h, no Audit\u00f3rio do IDP Asa Norte.<\/span><\/p>\n<p class=\"p1\"><span class=\"s1\"><b>Convidados<\/b><\/span><\/p>\n<p class=\"p1\"><span class=\"s1\">A exposi\u00e7\u00e3o aberta ao p\u00fablico ser\u00e1 ministrada por Minervino Neto, CEO da Dale Carnegie Bras\u00edlia, junto dos convidados Gabriela Coelho, superintendente de Fiscaliza\u00e7\u00e3o da ANTAQ, Gino Terentim, professor e empreendedor, e Julian Machado, CEO da empresa Sirius de treinamento m\u00e9dico.<\/span><\/p>\n<p class=\"p1\"><span class=\"s1\"><b>Habilidades para a juventude <\/b><\/span><\/p>\n<p class=\"p1\"><span class=\"s1\">&#8220;N\u00f3s queremos promover aprimoramento principalmente das habilidades de jovens, porque acreditamos que investindo neles podemos ajudar toda a sociedade no futuro&#8221;, destacou Minervino Neto, CEO da Dale Carnegie Bras\u00edlia.<\/span><\/p>\n","protected":false},"excerpt":{"rendered":"<p>A Dale Carnegie Treinamentos completa 110 anos como refer\u00eancia em empresas de treinamento do mundo. Desde a celebra\u00e7\u00e3o do centen\u00e1rio, h\u00e1 10 anos, a multinacional promove o Global Day of Giving, projeto social que est\u00e1 de volta ajudando institui\u00e7\u00f5es de caridade e promovendo treinamentos gratuitos. E Bras\u00edlia vai realizar um m\u00eas inteiro de a\u00e7\u00f5es. Para abrir o calend\u00e1rio social, a [&hellip;]<\/p>\n","protected":false},"author":125,"featured_media":9979,"comment_status":"open","ping_status":"open","sticky":false,"template":"","format":"standard","meta":{"footnotes":""},"categories":[6],"tags":[1490,271,1491],"class_list":["post-9973","post","type-post","status-publish","format-standard","has-post-thumbnail","hentry","category-coluna-capital-s-a","tag-dalecarnegietreinamentos","tag-exposicao","tag-projetosocial"],"_links":{"self":[{"href":"https:\/\/blogs.correiobraziliense.com.br\/capital-sa\/wp-json\/wp\/v2\/posts\/9973","targetHints":{"allow":["GET"]}}],"collection":[{"href":"https:\/\/blogs.correiobraziliense.com.br\/capital-sa\/wp-json\/wp\/v2\/posts"}],"about":[{"href":"https:\/\/blogs.correiobraziliense.com.br\/capital-sa\/wp-json\/wp\/v2\/types\/post"}],"author":[{"embeddable":true,"href":"https:\/\/blogs.correiobraziliense.com.br\/capital-sa\/wp-json\/wp\/v2\/users\/125"}],"replies":[{"embeddable":true,"href":"https:\/\/blogs.correiobraziliense.com.br\/capital-sa\/wp-json\/wp\/v2\/comments?post=9973"}],"version-history":[{"count":7,"href":"https:\/\/blogs.correiobraziliense.com.br\/capital-sa\/wp-json\/wp\/v2\/posts\/9973\/revisions"}],"predecessor-version":[{"id":10078,"href":"https:\/\/blogs.correiobraziliense.com.br\/capital-sa\/wp-json\/wp\/v2\/posts\/9973\/revisions\/10078"}],"wp:featuredmedia":[{"embeddable":true,"href":"https:\/\/blogs.correiobraziliense.com.br\/capital-sa\/wp-json\/wp\/v2\/media\/9979"}],"wp:attachment":[{"href":"https:\/\/blogs.correiobraziliense.com.br\/capital-sa\/wp-json\/wp\/v2\/media?parent=9973"}],"wp:term":[{"taxonomy":"category","embeddable":true,"href":"https:\/\/blogs.correiobraziliense.com.br\/capital-sa\/wp-json\/wp\/v2\/categories?post=9973"},{"taxonomy":"post_tag","embeddable":true,"href":"https:\/\/blogs.correiobraziliense.com.br\/capital-sa\/wp-json\/wp\/v2\/tags?post=9973"}],"curies":[{"name":"wp","href":"https:\/\/api.w.org\/{rel}","templated":true}]}}