{"id":995,"date":"2020-12-11T08:38:26","date_gmt":"2020-12-11T11:38:26","guid":{"rendered":"https:\/\/blogs.correiobraziliense.com.br\/capital-sa\/?p=995"},"modified":"2020-12-11T11:45:42","modified_gmt":"2020-12-11T14:45:42","slug":"vendas-para-o-amigo-oculto","status":"publish","type":"post","link":"https:\/\/blogs.correiobraziliense.com.br\/capital-sa\/2020\/12\/11\/vendas-para-o-amigo-oculto\/","title":{"rendered":"Vendas para o amigo-oculto"},"content":{"rendered":"<p>As reuni\u00f5es entre funcion\u00e1rios de reparti\u00e7\u00f5es e empresas p\u00fablicas e privadas j\u00e1 come\u00e7am neste fim de semana, apesar da pandemia, todos de m\u00e1scara. O acess\u00f3rio de prote\u00e7\u00e3o, com tecidos mais sofisticados e estampas criativas, se tornou tamb\u00e9m produto para presentear o amigo-oculto.<\/p>\n<p>Dos R$ 300 milh\u00f5es que o Natal injetar\u00e1 no com\u00e9rcio do DF, R$ 15 milh\u00f5es ser\u00e3o decorrentes da compra de presentes para o amigo-oculto. \u00c9 o que indica estudo do Sindicato do Com\u00e9rcio Varejista (Sindivarejista).<\/p>\n<p>CDs (ainda bastante comercializados em feiras a pre\u00e7os populares), roupas, objetos para o lar e meias ser\u00e3o os presentes mais vendidos.<\/p>\n<h3>Menos gasto<\/h3>\n<blockquote><p>&#8220;Por causa da pandemia, os gastos por consumidor cair\u00e3o de R$ 90 no ano passado para R$ 60&#8221;, aponta o presidente do Sindivarejista,<strong> Edson de Castro<\/strong>.<\/p><\/blockquote>\n<p><img loading=\"lazy\" decoding=\"async\" class=\"aligncenter size-medium wp-image-1017\" src=\"https:\/\/blogs.correiobraziliense.com.br\/capital-sa\/wp-content\/uploads\/sites\/59\/2020\/12\/e-1-298x300.jpg\" alt=\"\" width=\"298\" height=\"300\" srcset=\"https:\/\/blogs.correiobraziliense.com.br\/capital-sa\/wp-content\/uploads\/sites\/59\/2020\/12\/e-1-298x300.jpg 298w, https:\/\/blogs.correiobraziliense.com.br\/capital-sa\/wp-content\/uploads\/sites\/59\/2020\/12\/e-1-150x150.jpg 150w, https:\/\/blogs.correiobraziliense.com.br\/capital-sa\/wp-content\/uploads\/sites\/59\/2020\/12\/e-1-550x554.jpg 550w, https:\/\/blogs.correiobraziliense.com.br\/capital-sa\/wp-content\/uploads\/sites\/59\/2020\/12\/e-1-230x232.jpg 230w, https:\/\/blogs.correiobraziliense.com.br\/capital-sa\/wp-content\/uploads\/sites\/59\/2020\/12\/e-1.jpg 599w\" sizes=\"auto, (max-width: 298px) 100vw, 298px\" \/><\/p>\n<p>A entidade representa 30 mil lojas de entrequadras e shoppings em todo o Distrito Federal.<\/p>\n<h3>Demiss\u00f5es<\/h3>\n<p>O 13\u00ba sal\u00e1rio este ano colocar\u00e1 R$ 6,6 bi na economia do DF contra R$ 7,6 bi do ano passado, uma consequ\u00eancia da pandemia, que provocou a demiss\u00e3o mais de 10 mil pessoas no DF, estima o Sindivarejista.<\/p>\n","protected":false},"excerpt":{"rendered":"<p>As reuni\u00f5es entre funcion\u00e1rios de reparti\u00e7\u00f5es e empresas p\u00fablicas e privadas j\u00e1 come\u00e7am neste fim de semana, apesar da pandemia, todos de m\u00e1scara. O acess\u00f3rio de prote\u00e7\u00e3o, com tecidos mais sofisticados e estampas criativas, se tornou tamb\u00e9m produto para presentear o amigo-oculto. Dos R$ 300 milh\u00f5es que o Natal injetar\u00e1 no com\u00e9rcio do DF, R$ 15 milh\u00f5es ser\u00e3o decorrentes da [&hellip;]<\/p>\n","protected":false},"author":125,"featured_media":1016,"comment_status":"open","ping_status":"open","sticky":false,"template":"","format":"standard","meta":{"footnotes":""},"categories":[6],"tags":[285,287,286,171,5],"class_list":["post-995","post","type-post","status-publish","format-standard","has-post-thumbnail","hentry","category-coluna-capital-s-a","tag-amigooculto","tag-gasto","tag-mascara","tag-vendas","tag-pandemia"],"_links":{"self":[{"href":"https:\/\/blogs.correiobraziliense.com.br\/capital-sa\/wp-json\/wp\/v2\/posts\/995","targetHints":{"allow":["GET"]}}],"collection":[{"href":"https:\/\/blogs.correiobraziliense.com.br\/capital-sa\/wp-json\/wp\/v2\/posts"}],"about":[{"href":"https:\/\/blogs.correiobraziliense.com.br\/capital-sa\/wp-json\/wp\/v2\/types\/post"}],"author":[{"embeddable":true,"href":"https:\/\/blogs.correiobraziliense.com.br\/capital-sa\/wp-json\/wp\/v2\/users\/125"}],"replies":[{"embeddable":true,"href":"https:\/\/blogs.correiobraziliense.com.br\/capital-sa\/wp-json\/wp\/v2\/comments?post=995"}],"version-history":[{"count":3,"href":"https:\/\/blogs.correiobraziliense.com.br\/capital-sa\/wp-json\/wp\/v2\/posts\/995\/revisions"}],"predecessor-version":[{"id":1018,"href":"https:\/\/blogs.correiobraziliense.com.br\/capital-sa\/wp-json\/wp\/v2\/posts\/995\/revisions\/1018"}],"wp:featuredmedia":[{"embeddable":true,"href":"https:\/\/blogs.correiobraziliense.com.br\/capital-sa\/wp-json\/wp\/v2\/media\/1016"}],"wp:attachment":[{"href":"https:\/\/blogs.correiobraziliense.com.br\/capital-sa\/wp-json\/wp\/v2\/media?parent=995"}],"wp:term":[{"taxonomy":"category","embeddable":true,"href":"https:\/\/blogs.correiobraziliense.com.br\/capital-sa\/wp-json\/wp\/v2\/categories?post=995"},{"taxonomy":"post_tag","embeddable":true,"href":"https:\/\/blogs.correiobraziliense.com.br\/capital-sa\/wp-json\/wp\/v2\/tags?post=995"}],"curies":[{"name":"wp","href":"https:\/\/api.w.org\/{rel}","templated":true}]}}