{"id":9937,"date":"2022-09-24T13:38:21","date_gmt":"2022-09-24T16:38:21","guid":{"rendered":"https:\/\/blogs.correiobraziliense.com.br\/capital-sa\/?p=9937"},"modified":"2022-10-01T19:18:31","modified_gmt":"2022-10-01T22:18:31","slug":"lojistas-e-comerciarios-pagarao-menos-por-plano-de-saude","status":"publish","type":"post","link":"https:\/\/blogs.correiobraziliense.com.br\/capital-sa\/2022\/09\/24\/lojistas-e-comerciarios-pagarao-menos-por-plano-de-saude\/","title":{"rendered":"Lojistas e comerci\u00e1rios pagar\u00e3o menos por plano de sa\u00fade"},"content":{"rendered":"<p class=\"p1\">O Sindivarejista assinou conv\u00eanio para que donos de empresas do varejo, seus funcion\u00e1rios e dependentes passem a ter plano de sa\u00fade a custos reduzidos. A parceria foi celebrada com a Affix-Administradora de Benef\u00edcios. A operadora ser\u00e1 a Hapvida, uma das maiores do setor.<\/p>\n<p>Ser\u00e3o ofertados planos ambulatoriais com cobertura de exames, consultas m\u00e9dicas em cl\u00ednicas e consult\u00f3rios e terapias a partir de R$ 128,47; e planos completos &#8211; ambulatorial, hospitalar e obstetr\u00edcia &#8211; a partir de R$ 171,93 para benefici\u00e1rios at\u00e9 18 anos.<\/p>\n<p class=\"p1\"><span class=\"s1\"><b>Pre\u00e7os e qualidade<\/b><\/span><\/p>\n<p class=\"p1\"><span class=\"s1\">&#8220;Por meio desta parceria, podemos cumprir o nosso papel de ampliar os servi\u00e7os de assist\u00eancia m\u00e9dica e hospitalar para nossos associados com pre\u00e7os atrativos e qualidade reconhecida&#8221;, explicou o presidente do Sindivarejista, Sebasti\u00e3o Abritta.<br \/>\n<\/span><\/p>\n<p class=\"p1\"><span class=\"s1\">A cerim\u00f4nia de assinatura do conv\u00eanio teve a presen\u00e7a do diretor executivo e s\u00f3ciofundador da Affix, Pedro Rezende, de Abritta, e executivos.<\/span><\/p>\n","protected":false},"excerpt":{"rendered":"<p>O Sindivarejista assinou conv\u00eanio para que donos de empresas do varejo, seus funcion\u00e1rios e dependentes passem a ter plano de sa\u00fade a custos reduzidos. A parceria foi celebrada com a Affix-Administradora de Benef\u00edcios. A operadora ser\u00e1 a Hapvida, uma das maiores do setor. Ser\u00e3o ofertados planos ambulatoriais com cobertura de exames, consultas m\u00e9dicas em cl\u00ednicas e consult\u00f3rios e terapias a [&hellip;]<\/p>\n","protected":false},"author":125,"featured_media":9941,"comment_status":"open","ping_status":"open","sticky":false,"template":"","format":"standard","meta":{"footnotes":""},"categories":[6],"tags":[1500,1501,1218,1499,56],"class_list":["post-9937","post","type-post","status-publish","format-standard","has-post-thumbnail","hentry","category-coluna-capital-s-a","tag-affix","tag-convenio","tag-planodesaude","tag-precosreduzidos","tag-sindivarejista"],"_links":{"self":[{"href":"https:\/\/blogs.correiobraziliense.com.br\/capital-sa\/wp-json\/wp\/v2\/posts\/9937","targetHints":{"allow":["GET"]}}],"collection":[{"href":"https:\/\/blogs.correiobraziliense.com.br\/capital-sa\/wp-json\/wp\/v2\/posts"}],"about":[{"href":"https:\/\/blogs.correiobraziliense.com.br\/capital-sa\/wp-json\/wp\/v2\/types\/post"}],"author":[{"embeddable":true,"href":"https:\/\/blogs.correiobraziliense.com.br\/capital-sa\/wp-json\/wp\/v2\/users\/125"}],"replies":[{"embeddable":true,"href":"https:\/\/blogs.correiobraziliense.com.br\/capital-sa\/wp-json\/wp\/v2\/comments?post=9937"}],"version-history":[{"count":5,"href":"https:\/\/blogs.correiobraziliense.com.br\/capital-sa\/wp-json\/wp\/v2\/posts\/9937\/revisions"}],"predecessor-version":[{"id":10086,"href":"https:\/\/blogs.correiobraziliense.com.br\/capital-sa\/wp-json\/wp\/v2\/posts\/9937\/revisions\/10086"}],"wp:featuredmedia":[{"embeddable":true,"href":"https:\/\/blogs.correiobraziliense.com.br\/capital-sa\/wp-json\/wp\/v2\/media\/9941"}],"wp:attachment":[{"href":"https:\/\/blogs.correiobraziliense.com.br\/capital-sa\/wp-json\/wp\/v2\/media?parent=9937"}],"wp:term":[{"taxonomy":"category","embeddable":true,"href":"https:\/\/blogs.correiobraziliense.com.br\/capital-sa\/wp-json\/wp\/v2\/categories?post=9937"},{"taxonomy":"post_tag","embeddable":true,"href":"https:\/\/blogs.correiobraziliense.com.br\/capital-sa\/wp-json\/wp\/v2\/tags?post=9937"}],"curies":[{"name":"wp","href":"https:\/\/api.w.org\/{rel}","templated":true}]}}