{"id":9900,"date":"2022-09-22T07:27:02","date_gmt":"2022-09-22T10:27:02","guid":{"rendered":"https:\/\/blogs.correiobraziliense.com.br\/capital-sa\/?p=9900"},"modified":"2022-10-01T19:27:20","modified_gmt":"2022-10-01T22:27:20","slug":"confederacoes-da-industria-e-do-comercio-apresentam-perspectivas-da-populacao-brasileira","status":"publish","type":"post","link":"https:\/\/blogs.correiobraziliense.com.br\/capital-sa\/2022\/09\/22\/confederacoes-da-industria-e-do-comercio-apresentam-perspectivas-da-populacao-brasileira\/","title":{"rendered":"Confedera\u00e7\u00f5es da Ind\u00fastria e do Com\u00e9rcio apresentam perspectivas da popula\u00e7\u00e3o brasileira"},"content":{"rendered":"<p class=\"p1\"><b>Por Samanta Sallum<\/b><\/p>\n<p class=\"p1\"><span class=\"s1\">O setor produtivo nacional apresenta hoje dois levantamentos importantes com avalia\u00e7\u00f5es da popula\u00e7\u00e3o sobre o cen\u00e1rio social e econ\u00f4mico do pa\u00eds. Duas confedera\u00e7\u00f5es de peso, a da Ind\u00fastria e a do Com\u00e9rcio, divulgam pesquisas que podem ser b\u00fassolas para candidatos \u00e0 Presid\u00eancia nesta reta final do 1\u00ba turno. A CNI divulga<span class=\"Apple-converted-space\">\u00a0<\/span>a rodada de opini\u00e3o p\u00fablica da pesquisa Agenda de Prioridades para o pr\u00f3ximo presidente aos olhos da popula\u00e7\u00e3o brasileira. E a CNC, a Inten\u00e7\u00e3o de Consumo das Fam\u00edlias.<\/span><\/p>\n<blockquote>\n<p class=\"p1\"><span class=\"s1\"><em>Infla\u00e7\u00e3o assusta um pouco menos no Norte e no Centro-Oeste<\/em> <\/span><\/p>\n<\/blockquote>\n<p class=\"p1\"><span class=\"s1\">Quando o assunto \u00e9 combate \u00e0 infla\u00e7\u00e3o, os moradores do Norte\/Centro-Oeste t\u00eam avalia\u00e7\u00e3o menos negativa do que os das outras regi\u00f5es. Enquanto na m\u00e9dia nacional 59% dos brasileiros criticam a pol\u00edtica de combate \u00e0 infla\u00e7\u00e3o, no Norte\/Centro-Oeste esse percentual, embora majorit\u00e1rio, \u00e9 de 51%. O \u00edndice destoa do restante do pa\u00eds: 59%, no Sul; 60%, no Sudeste; e 64%, no Nordeste.<\/span><\/p>\n<p class=\"p1\"><span class=\"s1\"><b>Nenhuma \u00e1rea melhorou <\/b><\/span><\/p>\n<p class=\"p1\"><span class=\"s1\">A pesquisa nacional elenca sa\u00fade, educa\u00e7\u00e3o e gera\u00e7\u00e3o de emprego como as pautas mais fundamentais na atua\u00e7\u00e3o do pr\u00f3ximo l\u00edder do executivo. Quando perguntados sobre as \u00e1reas que mais melhoraram nos \u00faltimos quatro anos, 42% dos entrevistados apontaram &#8220;nenhuma&#8221; como resposta.<\/span><\/p>\n<p class=\"p1\"><span class=\"s1\"><b>Educa\u00e7\u00e3o e Sa\u00fade <\/b><\/span><\/p>\n<p class=\"p1\"><span class=\"s1\">Na sequ\u00eancia, aparecem educa\u00e7\u00e3o e sa\u00fade, ambas com 7%, gera\u00e7\u00e3o de emprego (6%), programas sociais (5%), infraestrutura\/obras (5%) e seguran\u00e7a (4%). O Instituto FSB Pesquisa entrevistou, face a face, 2.030 cidad\u00e3os com idade a partir de 16 anos, nas 27 Unidades da Federa\u00e7\u00e3o (UFs), entre 16 e 21 de agosto de 2022.<\/span><\/p>\n<p><b>Alta na inten\u00e7\u00e3o de consumo\u00a0<\/b><\/p>\n<p>Neste ano, o ICF teve altas consecutivas em todos os meses, no entanto, ainda est\u00e1 abaixo do patamar de 100 pontos, que indica satisfa\u00e7\u00e3o, com teto de 200.<\/p>\n<p>A Inten\u00e7\u00e3o de Consumo das Fam\u00edlias (ICF) alcan\u00e7ou 84,4 pontos em setembro, superando os resultados do mesmo m\u00eas nos dois anos anteriores e mantendo a tend\u00eancia de alta iniciada em janeiro deste ano.<\/p>\n<p class=\"p2\"><span class=\"s2\">O indicador avan\u00e7ou 1,4% no m\u00eas, com crescimento de todos os seus componentes.\u00a0<\/span><\/p>\n<p class=\"p2\"><span class=\"s1\">\u00c9 o que aponta pesquisa da Confedera\u00e7\u00e3o Nacional do Com\u00e9rcio de Bens, Servi\u00e7os e Turismo (CNC).\u00a0<\/span><\/p>\n<p><b>Melhora no mercado de trabalho\u00a0<\/b><\/p>\n<p>Um dos destaques \u00e9 que 47% dos brasileiros t\u00eam perspectiva de melhoria profissional no pr\u00f3ximo semestre.<\/p>\n<p class=\"p1\"><span class=\"s1\">Fatores que explicam o aumento da inten\u00e7\u00e3o de consumo s\u00e3o a melhora do mercado de trabalho e o suporte do Aux\u00edlio Brasil a fam\u00edlias de baixa renda.<\/span><\/p>\n<p>A pesquisa aponta que, apesar do maior suporte tempor\u00e1rio \u00e0s mais necessitadas, esses consumidores est\u00e3o cautelosos por causa de sua vulnerabilidade econ\u00f4mica. Com isso, o indicador de inten\u00e7\u00e3o de consumo n\u00e3o avan\u00e7ou tanto. As perspectivas mais otimistas v\u00eam dos com renda acima de 10 sal\u00e1rios m\u00ednimos.<\/p>\n","protected":false},"excerpt":{"rendered":"<p>Por Samanta Sallum O setor produtivo nacional apresenta hoje dois levantamentos importantes com avalia\u00e7\u00f5es da popula\u00e7\u00e3o sobre o cen\u00e1rio social e econ\u00f4mico do pa\u00eds. Duas confedera\u00e7\u00f5es de peso, a da Ind\u00fastria e a do Com\u00e9rcio, divulgam pesquisas que podem ser b\u00fassolas para candidatos \u00e0 Presid\u00eancia nesta reta final do 1\u00ba turno. A CNI divulga\u00a0a rodada de opini\u00e3o p\u00fablica da pesquisa [&hellip;]<\/p>\n","protected":false},"author":125,"featured_media":9904,"comment_status":"open","ping_status":"open","sticky":false,"template":"","format":"standard","meta":{"footnotes":""},"categories":[6],"tags":[275,336,1503,1505,846,1504,64],"class_list":["post-9900","post","type-post","status-publish","format-standard","has-post-thumbnail","hentry","category-coluna-capital-s-a","tag-cnc","tag-consumo","tag-indicador","tag-intencaodeconsumo","tag-mercadodetrabalho","tag-pesquisas","tag-cni"],"_links":{"self":[{"href":"https:\/\/blogs.correiobraziliense.com.br\/capital-sa\/wp-json\/wp\/v2\/posts\/9900","targetHints":{"allow":["GET"]}}],"collection":[{"href":"https:\/\/blogs.correiobraziliense.com.br\/capital-sa\/wp-json\/wp\/v2\/posts"}],"about":[{"href":"https:\/\/blogs.correiobraziliense.com.br\/capital-sa\/wp-json\/wp\/v2\/types\/post"}],"author":[{"embeddable":true,"href":"https:\/\/blogs.correiobraziliense.com.br\/capital-sa\/wp-json\/wp\/v2\/users\/125"}],"replies":[{"embeddable":true,"href":"https:\/\/blogs.correiobraziliense.com.br\/capital-sa\/wp-json\/wp\/v2\/comments?post=9900"}],"version-history":[{"count":16,"href":"https:\/\/blogs.correiobraziliense.com.br\/capital-sa\/wp-json\/wp\/v2\/posts\/9900\/revisions"}],"predecessor-version":[{"id":10088,"href":"https:\/\/blogs.correiobraziliense.com.br\/capital-sa\/wp-json\/wp\/v2\/posts\/9900\/revisions\/10088"}],"wp:featuredmedia":[{"embeddable":true,"href":"https:\/\/blogs.correiobraziliense.com.br\/capital-sa\/wp-json\/wp\/v2\/media\/9904"}],"wp:attachment":[{"href":"https:\/\/blogs.correiobraziliense.com.br\/capital-sa\/wp-json\/wp\/v2\/media?parent=9900"}],"wp:term":[{"taxonomy":"category","embeddable":true,"href":"https:\/\/blogs.correiobraziliense.com.br\/capital-sa\/wp-json\/wp\/v2\/categories?post=9900"},{"taxonomy":"post_tag","embeddable":true,"href":"https:\/\/blogs.correiobraziliense.com.br\/capital-sa\/wp-json\/wp\/v2\/tags?post=9900"}],"curies":[{"name":"wp","href":"https:\/\/api.w.org\/{rel}","templated":true}]}}