{"id":9849,"date":"2022-09-20T11:06:07","date_gmt":"2022-09-20T14:06:07","guid":{"rendered":"https:\/\/blogs.correiobraziliense.com.br\/capital-sa\/?p=9849"},"modified":"2022-10-01T19:43:03","modified_gmt":"2022-10-01T22:43:03","slug":"projecao-de-vendas-para-o-dia-das-criancas-e-injetar-r-180-milhoes-no-comercio-do-df-uma-alta-de-195-em-relacao-a-2021","status":"publish","type":"post","link":"https:\/\/blogs.correiobraziliense.com.br\/capital-sa\/2022\/09\/20\/projecao-de-vendas-para-o-dia-das-criancas-e-injetar-r-180-milhoes-no-comercio-do-df-uma-alta-de-195-em-relacao-a-2021\/","title":{"rendered":"Proje\u00e7\u00e3o de vendas para o Dia das Crian\u00e7as \u00e9 injetar R$ 180 milh\u00f5es no com\u00e9rcio do DF. Uma alta de 19,5% em rela\u00e7\u00e3o a 2021"},"content":{"rendered":"<p><b>Por Samanta Sallum\u00a0<\/b><\/p>\n<p class=\"p1\"><span class=\"s3\">Pesquisa do Instituto Fecom\u00e9rcio-DF registra aumento na expectativa por parte de lojistas e consumidores. Valor do t\u00edquete m\u00e9dio subiu para 42,8%. Para o Dia das Crian\u00e7as,\u00a0<\/span>72,9% dos empres\u00e1rios acham que as vendas ser\u00e3o melhores que no ano passado \u2013 o \u00edndice quase que dobrou (37,75% em 2021).<\/p>\n<p class=\"p1\">Com isso, espera-se um aumento de 19,5% no movimento e a inje\u00e7\u00e3o de R$ 180 milh\u00f5es na economia local. O valor m\u00e9dio que cada empresa deve movimentar chegou a R$ 106 mil.<\/p>\n<p class=\"p1\"><span class=\"s2\"><b>Gastos com presentes <\/b><\/span><\/p>\n<p class=\"p1\"><span class=\"s2\">Os consumidores entrevistados projetaram aumento de 42,8% no valor do t\u00edquete m\u00e9dio. Enquanto em 2021os gastos com presente ficaram em torno de R$ 127,96, este ano pretendem desembolsar pelo menos R$ 182,76. <\/span><\/p>\n<p class=\"p1\"><span class=\"s2\">&#8220;\u00c9 nesse per\u00edodo que temos as principais datas para o com\u00e9rcio. O Dia das Crian\u00e7as, depois do Dia dos Pais, d\u00e1 sequ\u00eancia a essa temporada de crescimento nas vendas de fim de ano, que culminam com a Black Friday e o Natal. \u00c9 bom destacar que, aqui no DF, a confian\u00e7a dos empres\u00e1rios do com\u00e9rcio vem subindo desde mar\u00e7o&#8221;, aponta o presidente da Fecom\u00e9rcio-DF, Jos\u00e9 Aparecido Freire.<\/span><\/p>\n<p>&nbsp;<\/p>\n","protected":false},"excerpt":{"rendered":"<p>Por Samanta Sallum\u00a0 Pesquisa do Instituto Fecom\u00e9rcio-DF registra aumento na expectativa por parte de lojistas e consumidores. Valor do t\u00edquete m\u00e9dio subiu para 42,8%. Para o Dia das Crian\u00e7as,\u00a072,9% dos empres\u00e1rios acham que as vendas ser\u00e3o melhores que no ano passado \u2013 o \u00edndice quase que dobrou (37,75% em 2021). Com isso, espera-se um aumento de 19,5% no movimento e [&hellip;]<\/p>\n","protected":false},"author":125,"featured_media":9854,"comment_status":"open","ping_status":"open","sticky":false,"template":"","format":"standard","meta":{"footnotes":""},"categories":[6],"tags":[335,1510,734,1511,171],"class_list":["post-9849","post","type-post","status-publish","format-standard","has-post-thumbnail","hentry","category-coluna-capital-s-a","tag-confianca","tag-diadascriancas","tag-fecomercio-df","tag-presentes","tag-vendas"],"_links":{"self":[{"href":"https:\/\/blogs.correiobraziliense.com.br\/capital-sa\/wp-json\/wp\/v2\/posts\/9849","targetHints":{"allow":["GET"]}}],"collection":[{"href":"https:\/\/blogs.correiobraziliense.com.br\/capital-sa\/wp-json\/wp\/v2\/posts"}],"about":[{"href":"https:\/\/blogs.correiobraziliense.com.br\/capital-sa\/wp-json\/wp\/v2\/types\/post"}],"author":[{"embeddable":true,"href":"https:\/\/blogs.correiobraziliense.com.br\/capital-sa\/wp-json\/wp\/v2\/users\/125"}],"replies":[{"embeddable":true,"href":"https:\/\/blogs.correiobraziliense.com.br\/capital-sa\/wp-json\/wp\/v2\/comments?post=9849"}],"version-history":[{"count":6,"href":"https:\/\/blogs.correiobraziliense.com.br\/capital-sa\/wp-json\/wp\/v2\/posts\/9849\/revisions"}],"predecessor-version":[{"id":10092,"href":"https:\/\/blogs.correiobraziliense.com.br\/capital-sa\/wp-json\/wp\/v2\/posts\/9849\/revisions\/10092"}],"wp:featuredmedia":[{"embeddable":true,"href":"https:\/\/blogs.correiobraziliense.com.br\/capital-sa\/wp-json\/wp\/v2\/media\/9854"}],"wp:attachment":[{"href":"https:\/\/blogs.correiobraziliense.com.br\/capital-sa\/wp-json\/wp\/v2\/media?parent=9849"}],"wp:term":[{"taxonomy":"category","embeddable":true,"href":"https:\/\/blogs.correiobraziliense.com.br\/capital-sa\/wp-json\/wp\/v2\/categories?post=9849"},{"taxonomy":"post_tag","embeddable":true,"href":"https:\/\/blogs.correiobraziliense.com.br\/capital-sa\/wp-json\/wp\/v2\/tags?post=9849"}],"curies":[{"name":"wp","href":"https:\/\/api.w.org\/{rel}","templated":true}]}}