{"id":9840,"date":"2022-09-19T13:26:33","date_gmt":"2022-09-19T16:26:33","guid":{"rendered":"https:\/\/blogs.correiobraziliense.com.br\/capital-sa\/?p=9840"},"modified":"2022-10-01T19:46:07","modified_gmt":"2022-10-01T22:46:07","slug":"projeto-imobiliario-para-o-terreno-da-antiga-sede-da-ceb-distribuidora-no-sia","status":"publish","type":"post","link":"https:\/\/blogs.correiobraziliense.com.br\/capital-sa\/2022\/09\/19\/projeto-imobiliario-para-o-terreno-da-antiga-sede-da-ceb-distribuidora-no-sia\/","title":{"rendered":"Projeto imobili\u00e1rio para o terreno da antiga sede da CEB Distribuidora, no SIA"},"content":{"rendered":"<p><span style=\"font-size: large\"><b>Por Samanta Sallum\u00a0<\/b><\/span><\/p>\n<div>\n<div class=\"gmail_quote\">\n<div dir=\"ltr\">\n<div>\n<p><span style=\"font-size: large\">A privatiza\u00e7\u00e3o da CEB Distribuidora, h\u00e1 1 ano e meio, ainda render\u00e1 futuro refor\u00e7o de caixa para o GDF por meio de projetos imobili\u00e1rios. Um detalhe importante do processo foi a retirada do edital do terreno de 160 mil metros quadrados no SIA, que era sede da empresa. O local permaneceu como patrim\u00f4nio da empresa e foi alugado para a Neoenergia temporariamente at\u00e9 que a nova prestadora do servi\u00e7o migre sua sede para outro endere\u00e7o. Nos planos do governo, h\u00e1 previs\u00e3o de vender o terreno para empreendimento que ser\u00e1 a expans\u00e3o do Park Sul, com uso residencial e comercial.<\/span><\/p>\n<p>A<span style=\"font-size: large\"> \u00e1rea onde \u00e9 hoje a sede 3 da Secretaria de Educa\u00e7\u00e3o, tamb\u00e9m no SIA, deve ser agregada ao projeto. Assim, o governo local pretende dar aproveitamento multifuncional aos terrenos e arrecadar mais recursos com licita\u00e7\u00f5es e recolhimento de impostos a m\u00e9dio prazo.\u00a0<\/span><span style=\"font-size: large\">Ainda n\u00e3o h\u00e1 uma data definida para o lan\u00e7amento do projeto.<\/span><\/p>\n<\/div>\n<\/div>\n<\/div>\n<div><\/div>\n<div class=\"gmail_quote\">\n<div dir=\"ltr\">\n<div><span style=\"font-size: large\"><b>Energia fotovoltaica e a g\u00e1s<\/b><\/span><\/div>\n<div><\/div>\n<div>\n<p><span style=\"font-size: large\">A CEB Holding privatizou o bra\u00e7o da distribui\u00e7\u00e3o. Com a entrada do grande volume de recursos com o leli\u00e3o, se reestruturou e investe em novos projetos. Prepara-se para entrar de forma mais atuante no mercado de g\u00e1s com a expectativa de futura chegada do gasoduto ao DF.<\/span><\/p>\n<p>A CEB tamb\u00e9m iniciou tratativas para estabelecer parcerias com outras empresas no intuito de instalar usinas de gera\u00e7\u00e3o de energia fotovoltaica. Elas v\u00e3o abastecer \u00f3rg\u00e3os e equipamentos p\u00fablicos.<\/p>\n<\/div>\n<div><\/div>\n<div><span style=\"font-size: large\"><b>Respaldo de caixa para obras\u00a0<\/b><\/span><\/div>\n<div><\/div>\n<div><span style=\"font-size: large\">O dinheiro vindo com a venda da concess\u00e3o de distribui\u00e7\u00e3o de energia no DF garantiu o financiamento de grande parte de obras do governo local.\u00a0V\u00e1rias agora s\u00e3o apresentadas em hor\u00e1rio eleitoral. Continuam no guarda-chuva da CEB<\/span>\u00a0holding a ilumina\u00e7\u00e3o p\u00fablica, gera\u00e7\u00e3o de energia, concess\u00e3o Corumb\u00e1 e Lajeados.<\/div>\n<div><\/div>\n<div><\/div>\n<div><span style=\"font-size: large\"><b>R$ 1,1 bi\u00a0<\/b><\/span><\/div>\n<div>\n<p>Projeto imobili\u00e1rio para o terreno da antiga sede da CEB Distribuidora no SIA.<\/p>\n<div><b>R$ 138,1 milh\u00f5es<\/b><\/div>\n<div><\/div>\n<\/div>\n<div>Foi o lucro l\u00edquido, em 2021, com a atua\u00e7\u00e3o no mercado de energia.<\/div>\n<div><\/div>\n<\/div>\n<\/div>\n<\/div>\n","protected":false},"excerpt":{"rendered":"<p>Por Samanta Sallum\u00a0 A privatiza\u00e7\u00e3o da CEB Distribuidora, h\u00e1 1 ano e meio, ainda render\u00e1 futuro refor\u00e7o de caixa para o GDF por meio de projetos imobili\u00e1rios. Um detalhe importante do processo foi a retirada do edital do terreno de 160 mil metros quadrados no SIA, que era sede da empresa. O local permaneceu como patrim\u00f4nio da empresa e foi [&hellip;]<\/p>\n","protected":false},"author":125,"featured_media":9848,"comment_status":"open","ping_status":"open","sticky":false,"template":"","format":"standard","meta":{"footnotes":""},"categories":[6],"tags":[107,332,1513,1512,1060],"class_list":["post-9840","post","type-post","status-publish","format-standard","has-post-thumbnail","hentry","category-coluna-capital-s-a","tag-ceb","tag-df","tag-energia","tag-gasoduto","tag-terreno"],"_links":{"self":[{"href":"https:\/\/blogs.correiobraziliense.com.br\/capital-sa\/wp-json\/wp\/v2\/posts\/9840","targetHints":{"allow":["GET"]}}],"collection":[{"href":"https:\/\/blogs.correiobraziliense.com.br\/capital-sa\/wp-json\/wp\/v2\/posts"}],"about":[{"href":"https:\/\/blogs.correiobraziliense.com.br\/capital-sa\/wp-json\/wp\/v2\/types\/post"}],"author":[{"embeddable":true,"href":"https:\/\/blogs.correiobraziliense.com.br\/capital-sa\/wp-json\/wp\/v2\/users\/125"}],"replies":[{"embeddable":true,"href":"https:\/\/blogs.correiobraziliense.com.br\/capital-sa\/wp-json\/wp\/v2\/comments?post=9840"}],"version-history":[{"count":8,"href":"https:\/\/blogs.correiobraziliense.com.br\/capital-sa\/wp-json\/wp\/v2\/posts\/9840\/revisions"}],"predecessor-version":[{"id":10094,"href":"https:\/\/blogs.correiobraziliense.com.br\/capital-sa\/wp-json\/wp\/v2\/posts\/9840\/revisions\/10094"}],"wp:featuredmedia":[{"embeddable":true,"href":"https:\/\/blogs.correiobraziliense.com.br\/capital-sa\/wp-json\/wp\/v2\/media\/9848"}],"wp:attachment":[{"href":"https:\/\/blogs.correiobraziliense.com.br\/capital-sa\/wp-json\/wp\/v2\/media?parent=9840"}],"wp:term":[{"taxonomy":"category","embeddable":true,"href":"https:\/\/blogs.correiobraziliense.com.br\/capital-sa\/wp-json\/wp\/v2\/categories?post=9840"},{"taxonomy":"post_tag","embeddable":true,"href":"https:\/\/blogs.correiobraziliense.com.br\/capital-sa\/wp-json\/wp\/v2\/tags?post=9840"}],"curies":[{"name":"wp","href":"https:\/\/api.w.org\/{rel}","templated":true}]}}