{"id":9831,"date":"2022-09-16T16:08:22","date_gmt":"2022-09-16T19:08:22","guid":{"rendered":"https:\/\/blogs.correiobraziliense.com.br\/capital-sa\/?p=9831"},"modified":"2022-10-01T19:49:21","modified_gmt":"2022-10-01T22:49:21","slug":"regiao-do-jardim-botanico-vai-ganhar-shopping","status":"publish","type":"post","link":"https:\/\/blogs.correiobraziliense.com.br\/capital-sa\/2022\/09\/16\/regiao-do-jardim-botanico-vai-ganhar-shopping\/","title":{"rendered":"Regi\u00e3o do Jardim Bot\u00e2nico vai ganhar shopping"},"content":{"rendered":"<p class=\"p1\"><b>Por Samanta Sallum\u00a0<\/b><\/p>\n<p class=\"p1\"><span class=\"s1\">O Shopping Novo Jardim, que ser\u00e1<span class=\"Apple-converted-space\">\u00a0 <\/span>localizado no Jardim Bot\u00e2nico, ser\u00e1 em breve apresentado pelas empresas parceiras do projeto: Brasal, Emplavi, Conbral, Terral, Soltec e Vilela e Carvalho. A expectativa \u00e9 gerar cerca de 3,5 mil empregos diretos e indiretos na regi\u00e3o, com investimento de\u00a0<\/span>R$ 200 milh\u00f5es.<\/p>\n<p class=\"p1\"><span class=\"s1\">O lan\u00e7amento comercial e o in\u00edcio das obras est\u00e3o previstos pra o primeiro semestre de 2023. Os detalhes sobre o porte do empreendimento, atra\u00e7\u00f5es e novidades ser\u00e3o oficialmente apresentados na semana que vem em evento especial no mezanino da Torre de TV e prometem surpreender.<\/span><\/p>\n","protected":false},"excerpt":{"rendered":"<p>Por Samanta Sallum\u00a0 O Shopping Novo Jardim, que ser\u00e1\u00a0 localizado no Jardim Bot\u00e2nico, ser\u00e1 em breve apresentado pelas empresas parceiras do projeto: Brasal, Emplavi, Conbral, Terral, Soltec e Vilela e Carvalho. A expectativa \u00e9 gerar cerca de 3,5 mil empregos diretos e indiretos na regi\u00e3o, com investimento de\u00a0R$ 200 milh\u00f5es. O lan\u00e7amento comercial e o in\u00edcio das obras est\u00e3o previstos [&hellip;]<\/p>\n","protected":false},"author":125,"featured_media":9837,"comment_status":"open","ping_status":"open","sticky":false,"template":"","format":"standard","meta":{"footnotes":""},"categories":[6],"tags":[154,1514,1515],"class_list":["post-9831","post","type-post","status-publish","format-standard","has-post-thumbnail","hentry","category-coluna-capital-s-a","tag-empreendimento","tag-jardimbotanico","tag-shoppingnovojardim"],"_links":{"self":[{"href":"https:\/\/blogs.correiobraziliense.com.br\/capital-sa\/wp-json\/wp\/v2\/posts\/9831","targetHints":{"allow":["GET"]}}],"collection":[{"href":"https:\/\/blogs.correiobraziliense.com.br\/capital-sa\/wp-json\/wp\/v2\/posts"}],"about":[{"href":"https:\/\/blogs.correiobraziliense.com.br\/capital-sa\/wp-json\/wp\/v2\/types\/post"}],"author":[{"embeddable":true,"href":"https:\/\/blogs.correiobraziliense.com.br\/capital-sa\/wp-json\/wp\/v2\/users\/125"}],"replies":[{"embeddable":true,"href":"https:\/\/blogs.correiobraziliense.com.br\/capital-sa\/wp-json\/wp\/v2\/comments?post=9831"}],"version-history":[{"count":9,"href":"https:\/\/blogs.correiobraziliense.com.br\/capital-sa\/wp-json\/wp\/v2\/posts\/9831\/revisions"}],"predecessor-version":[{"id":10096,"href":"https:\/\/blogs.correiobraziliense.com.br\/capital-sa\/wp-json\/wp\/v2\/posts\/9831\/revisions\/10096"}],"wp:featuredmedia":[{"embeddable":true,"href":"https:\/\/blogs.correiobraziliense.com.br\/capital-sa\/wp-json\/wp\/v2\/media\/9837"}],"wp:attachment":[{"href":"https:\/\/blogs.correiobraziliense.com.br\/capital-sa\/wp-json\/wp\/v2\/media?parent=9831"}],"wp:term":[{"taxonomy":"category","embeddable":true,"href":"https:\/\/blogs.correiobraziliense.com.br\/capital-sa\/wp-json\/wp\/v2\/categories?post=9831"},{"taxonomy":"post_tag","embeddable":true,"href":"https:\/\/blogs.correiobraziliense.com.br\/capital-sa\/wp-json\/wp\/v2\/tags?post=9831"}],"curies":[{"name":"wp","href":"https:\/\/api.w.org\/{rel}","templated":true}]}}