{"id":9817,"date":"2022-09-16T13:57:47","date_gmt":"2022-09-16T16:57:47","guid":{"rendered":"https:\/\/blogs.correiobraziliense.com.br\/capital-sa\/?p=9817"},"modified":"2022-10-01T19:51:31","modified_gmt":"2022-10-01T22:51:31","slug":"show-de-justin-bieber-bateu-recorde-de-uso-simultaneo-de-celulares-no-rock-in-rio","status":"publish","type":"post","link":"https:\/\/blogs.correiobraziliense.com.br\/capital-sa\/2022\/09\/16\/show-de-justin-bieber-bateu-recorde-de-uso-simultaneo-de-celulares-no-rock-in-rio\/","title":{"rendered":"Show de Justin Bieber bateu recorde de uso de celulares no Rock in Rio. Veja quem est\u00e1 no topo da lista"},"content":{"rendered":"<p class=\"p1\"><b>Por Samanta Sallum\u00a0<\/b><\/p>\n<p>O volume de dados trafegados por dia que registrou maior intensidade de uso no Rock in Rio foi em 4 de setembro. O domingo, que teve como principal atra\u00e7\u00e3o o cantor canadense Justin Bieber. Seu show bateu recorde de utiliza\u00e7\u00e3o da rede de operadoras como a TIM,\u00a0seguido pelas apresenta\u00e7\u00f5es de Dua Lipa e Ivete Sangalo, tecnicamente empatada com Coldplay e Guns N&#8217;Roses.<\/p>\n<p>O primeiro Rock in Rio ap\u00f3s o lan\u00e7amento da rede 5G no Brasil produziu tr\u00e1fego de dados surpreendente.\u00a0Nos sete dias de evento, os clientes da operadora TIM utilizaram 133 terabytes de dados, o suficiente, por exemplo, para assistir a v\u00eddeos no YouTube por 45 anos e sete meses sem parar.<\/p>\n<p>A utiliza\u00e7\u00e3o da tecnologia de quinta gera\u00e7\u00e3o correspondeu a 20% do total, o dobro do esperado pela companhia.<\/p>\n<p class=\"p1\"><span class=\"s1\">&#8220;Realizamos o primeiro grande evento 5G do pa\u00eds, refor\u00e7ando todo o potencial dessa tecnologia e indo al\u00e9m das nossas expectativas&#8221;, comentou o CEO da TIM, Alberto Griselli. <\/span><\/p>\n<p class=\"p1\">\n","protected":false},"excerpt":{"rendered":"<p>Por Samanta Sallum\u00a0 O volume de dados trafegados por dia que registrou maior intensidade de uso no Rock in Rio foi em 4 de setembro. O domingo, que teve como principal atra\u00e7\u00e3o o cantor canadense Justin Bieber. Seu show bateu recorde de utiliza\u00e7\u00e3o da rede de operadoras como a TIM,\u00a0seguido pelas apresenta\u00e7\u00f5es de Dua Lipa e Ivete Sangalo, tecnicamente empatada [&hellip;]<\/p>\n","protected":false},"author":125,"featured_media":9823,"comment_status":"open","ping_status":"open","sticky":false,"template":"","format":"standard","meta":{"footnotes":""},"categories":[6],"tags":[1188,1519,1518,1516,1517],"class_list":["post-9817","post","type-post","status-publish","format-standard","has-post-thumbnail","hentry","category-coluna-capital-s-a","tag-5g","tag-justinbieber","tag-rockinrio","tag-tim","tag-volumededados"],"_links":{"self":[{"href":"https:\/\/blogs.correiobraziliense.com.br\/capital-sa\/wp-json\/wp\/v2\/posts\/9817","targetHints":{"allow":["GET"]}}],"collection":[{"href":"https:\/\/blogs.correiobraziliense.com.br\/capital-sa\/wp-json\/wp\/v2\/posts"}],"about":[{"href":"https:\/\/blogs.correiobraziliense.com.br\/capital-sa\/wp-json\/wp\/v2\/types\/post"}],"author":[{"embeddable":true,"href":"https:\/\/blogs.correiobraziliense.com.br\/capital-sa\/wp-json\/wp\/v2\/users\/125"}],"replies":[{"embeddable":true,"href":"https:\/\/blogs.correiobraziliense.com.br\/capital-sa\/wp-json\/wp\/v2\/comments?post=9817"}],"version-history":[{"count":13,"href":"https:\/\/blogs.correiobraziliense.com.br\/capital-sa\/wp-json\/wp\/v2\/posts\/9817\/revisions"}],"predecessor-version":[{"id":10097,"href":"https:\/\/blogs.correiobraziliense.com.br\/capital-sa\/wp-json\/wp\/v2\/posts\/9817\/revisions\/10097"}],"wp:featuredmedia":[{"embeddable":true,"href":"https:\/\/blogs.correiobraziliense.com.br\/capital-sa\/wp-json\/wp\/v2\/media\/9823"}],"wp:attachment":[{"href":"https:\/\/blogs.correiobraziliense.com.br\/capital-sa\/wp-json\/wp\/v2\/media?parent=9817"}],"wp:term":[{"taxonomy":"category","embeddable":true,"href":"https:\/\/blogs.correiobraziliense.com.br\/capital-sa\/wp-json\/wp\/v2\/categories?post=9817"},{"taxonomy":"post_tag","embeddable":true,"href":"https:\/\/blogs.correiobraziliense.com.br\/capital-sa\/wp-json\/wp\/v2\/tags?post=9817"}],"curies":[{"name":"wp","href":"https:\/\/api.w.org\/{rel}","templated":true}]}}