{"id":9802,"date":"2022-09-15T14:55:24","date_gmt":"2022-09-15T17:55:24","guid":{"rendered":"https:\/\/blogs.correiobraziliense.com.br\/capital-sa\/?p=9802"},"modified":"2022-10-01T19:56:27","modified_gmt":"2022-10-01T22:56:27","slug":"demanda-pela-transformacao-do-setor-de-energia-no-pais","status":"publish","type":"post","link":"https:\/\/blogs.correiobraziliense.com.br\/capital-sa\/2022\/09\/15\/demanda-pela-transformacao-do-setor-de-energia-no-pais\/","title":{"rendered":"Demanda pela transforma\u00e7\u00e3o do setor de energia no pa\u00eds"},"content":{"rendered":"<p class=\"p1\"><b>Por Samanta Sallum\u00a0<\/b><\/p>\n<p class=\"p1\"><span class=\"s1\">A Levvo Energia, que tem sede em Bras\u00edlia, foi uma das organizadoras e patrocinadoras de evento, em SP, que teve o ministro de Minas e Energia, Adolfo Sachsida, como palestrante. O tema foi o <em>Futuro do Setor de Energia e dos Recursos Minerais no Brasil.<span class=\"Apple-converted-space\">\u00a0 <\/span><\/em>Reuniu 110 empres\u00e1rios e CEOs de grandes empresas. Foram tratados os compromissos da\u00a0<\/span>agenda ESG, como economia circular e sustentabilidade.<\/p>\n<p class=\"p1\"><span class=\"s1\">O governo federal foi desafiado a garantir acesso \u00e0 energia limpa para todos. O ministro disse que a meta est\u00e1 na agenda do presidente Jair Bolsonaro num segundo mandato.\u00a0<\/span><\/p>\n<p class=\"p1\"><span class=\"s1\">&#8220;Defendemos que o Brasil passe por uma grande transforma\u00e7\u00e3o no setor de energia como passou no servi\u00e7o de telefonia. Queremos conectividade, educa\u00e7\u00e3o, energia limpa e renov\u00e1vel para todos. Com pre\u00e7os mais baratos e liberdade de escolha do fornecedor&#8221;, disse Laura Oliveira, CEO do grupo Levvo, que participou do evento.<\/span><\/p>\n<p><img loading=\"lazy\" decoding=\"async\" class=\"aligncenter size-medium wp-image-9808\" src=\"https:\/\/blogs.correiobraziliense.com.br\/capital-sa\/wp-content\/uploads\/sites\/59\/2022\/09\/B2B228C6-4A19-41BC-BB0E-6F034A95C626-300x200.jpeg\" alt=\"\" width=\"300\" height=\"200\" srcset=\"https:\/\/blogs.correiobraziliense.com.br\/capital-sa\/wp-content\/uploads\/sites\/59\/2022\/09\/B2B228C6-4A19-41BC-BB0E-6F034A95C626-300x200.jpeg 300w, https:\/\/blogs.correiobraziliense.com.br\/capital-sa\/wp-content\/uploads\/sites\/59\/2022\/09\/B2B228C6-4A19-41BC-BB0E-6F034A95C626-768x512.jpeg 768w, https:\/\/blogs.correiobraziliense.com.br\/capital-sa\/wp-content\/uploads\/sites\/59\/2022\/09\/B2B228C6-4A19-41BC-BB0E-6F034A95C626.jpeg 1024w, https:\/\/blogs.correiobraziliense.com.br\/capital-sa\/wp-content\/uploads\/sites\/59\/2022\/09\/B2B228C6-4A19-41BC-BB0E-6F034A95C626-800x533.jpeg 800w, https:\/\/blogs.correiobraziliense.com.br\/capital-sa\/wp-content\/uploads\/sites\/59\/2022\/09\/B2B228C6-4A19-41BC-BB0E-6F034A95C626-550x366.jpeg 550w, https:\/\/blogs.correiobraziliense.com.br\/capital-sa\/wp-content\/uploads\/sites\/59\/2022\/09\/B2B228C6-4A19-41BC-BB0E-6F034A95C626-230x153.jpeg 230w\" sizes=\"auto, (max-width: 300px) 100vw, 300px\" \/><\/p>\n<p>&nbsp;<\/p>\n<p>&nbsp;<\/p>\n<p>&nbsp;<\/p>\n","protected":false},"excerpt":{"rendered":"<p>Por Samanta Sallum\u00a0 A Levvo Energia, que tem sede em Bras\u00edlia, foi uma das organizadoras e patrocinadoras de evento, em SP, que teve o ministro de Minas e Energia, Adolfo Sachsida, como palestrante. O tema foi o Futuro do Setor de Energia e dos Recursos Minerais no Brasil.\u00a0 Reuniu 110 empres\u00e1rios e CEOs de grandes empresas. Foram tratados os compromissos [&hellip;]<\/p>\n","protected":false},"author":125,"featured_media":9806,"comment_status":"open","ping_status":"open","sticky":false,"template":"","format":"standard","meta":{"footnotes":""},"categories":[6],"tags":[1523,1513,141,1522],"class_list":["post-9802","post","type-post","status-publish","format-standard","has-post-thumbnail","hentry","category-coluna-capital-s-a","tag-adolfosachsida","tag-energia","tag-evento","tag-levvoenergia"],"_links":{"self":[{"href":"https:\/\/blogs.correiobraziliense.com.br\/capital-sa\/wp-json\/wp\/v2\/posts\/9802","targetHints":{"allow":["GET"]}}],"collection":[{"href":"https:\/\/blogs.correiobraziliense.com.br\/capital-sa\/wp-json\/wp\/v2\/posts"}],"about":[{"href":"https:\/\/blogs.correiobraziliense.com.br\/capital-sa\/wp-json\/wp\/v2\/types\/post"}],"author":[{"embeddable":true,"href":"https:\/\/blogs.correiobraziliense.com.br\/capital-sa\/wp-json\/wp\/v2\/users\/125"}],"replies":[{"embeddable":true,"href":"https:\/\/blogs.correiobraziliense.com.br\/capital-sa\/wp-json\/wp\/v2\/comments?post=9802"}],"version-history":[{"count":6,"href":"https:\/\/blogs.correiobraziliense.com.br\/capital-sa\/wp-json\/wp\/v2\/posts\/9802\/revisions"}],"predecessor-version":[{"id":10101,"href":"https:\/\/blogs.correiobraziliense.com.br\/capital-sa\/wp-json\/wp\/v2\/posts\/9802\/revisions\/10101"}],"wp:featuredmedia":[{"embeddable":true,"href":"https:\/\/blogs.correiobraziliense.com.br\/capital-sa\/wp-json\/wp\/v2\/media\/9806"}],"wp:attachment":[{"href":"https:\/\/blogs.correiobraziliense.com.br\/capital-sa\/wp-json\/wp\/v2\/media?parent=9802"}],"wp:term":[{"taxonomy":"category","embeddable":true,"href":"https:\/\/blogs.correiobraziliense.com.br\/capital-sa\/wp-json\/wp\/v2\/categories?post=9802"},{"taxonomy":"post_tag","embeddable":true,"href":"https:\/\/blogs.correiobraziliense.com.br\/capital-sa\/wp-json\/wp\/v2\/tags?post=9802"}],"curies":[{"name":"wp","href":"https:\/\/api.w.org\/{rel}","templated":true}]}}