{"id":9788,"date":"2022-09-14T15:51:22","date_gmt":"2022-09-14T18:51:22","guid":{"rendered":"https:\/\/blogs.correiobraziliense.com.br\/capital-sa\/?p=9788"},"modified":"2022-10-01T19:59:16","modified_gmt":"2022-10-01T22:59:16","slug":"cnc-preve-quedas-nas-vendas-devido-ao-aperto-monetario","status":"publish","type":"post","link":"https:\/\/blogs.correiobraziliense.com.br\/capital-sa\/2022\/09\/14\/cnc-preve-quedas-nas-vendas-devido-ao-aperto-monetario\/","title":{"rendered":"Defla\u00e7\u00e3o n\u00e3o impulsionou vendas. CNC prev\u00ea queda na proje\u00e7\u00e3o do com\u00e9rcio para 2022"},"content":{"rendered":"<p><b>Por Samanta Sallum\u00a0<\/b><\/p>\n<p class=\"p1\"><span class=\"s2\">A defla\u00e7\u00e3o n\u00e3o impulsionou o movimento no com\u00e9rcio.\u00a0<\/span><span class=\"s2\">O volume de vendas do varejo brasileiro recuou 0,8% em julho, segundo a Pesquisa Mensal de Com\u00e9rcio (PMC), divulgada hoje (14\/9) pelo IBGE. Diante da queda nas vendas em julho, a Confedera\u00e7\u00e3o Nacional do Com\u00e9rcio de Bens, Servi\u00e7os e Turismo (CNC) reduziu de +1,7% para +1,3% a previs\u00e3o para o crescimento das vendas neste ano*.<\/span><\/p>\n<p class=\"p1\"><span class=\"s2\">A CNC prev\u00ea que no quarto trimestre de 2022 as vendas do setor tendem a ser afetadas negativamente pelos efeitos retardados do aperto monet\u00e1rio.<\/span><\/p>\n<p>Em desacelera\u00e7\u00e3o desde o in\u00edcio do ano, o volume de vendas recuou pelo terceiro m\u00eas seguido, vindo abaixo da expectativa da Confedera\u00e7\u00e3o Nacional do Com\u00e9rcio de Bens, Servi\u00e7os e Turismo (CNC), que projetava alta de 0,3% na passagem mensal.<\/p>\n<p class=\"p1\"><span class=\"s1\">Mais uma vez, as quedas se deram de forma disseminada, j\u00e1 que nove dos dez segmentos avaliados registraram taxas negativas \u2013 apenas o segmento de combust\u00edveis e lubrificantes, cujo volume de vendas cresceu, estimulado pelo corte nas al\u00edquotas do ICMS, avan\u00e7ou no per\u00edodo (+12,2%).<\/span><\/p>\n<p class=\"p1\"><span class=\"s1\">Os destaques negativos foram as retra\u00e7\u00f5es no ramo de tecidos, vestu\u00e1rio e cal\u00e7ados (-17,1%) e na venda de m\u00f3veis e eletrodom\u00e9sticos (-3,0%). A sequ\u00eancia de resultados negativos voltou a aproximar o n\u00edvel de atividade do setor ao patamar pr\u00e9-pandemia.<\/span><\/p>\n<p class=\"p1\"><span class=\"s1\">Embora, do ponto de vista dos pre\u00e7os, julho tenha se caracterizado pela maior defla\u00e7\u00e3o para aquele m\u00eas desde o in\u00edcio da s\u00e9rie hist\u00f3rica do IPCA, claramente o recuo nos pre\u00e7os n\u00e3o se traduziu em aumento generalizado de vendas.<\/span><\/p>\n","protected":false},"excerpt":{"rendered":"<p>Por Samanta Sallum\u00a0 A defla\u00e7\u00e3o n\u00e3o impulsionou o movimento no com\u00e9rcio.\u00a0O volume de vendas do varejo brasileiro recuou 0,8% em julho, segundo a Pesquisa Mensal de Com\u00e9rcio (PMC), divulgada hoje (14\/9) pelo IBGE. Diante da queda nas vendas em julho, a Confedera\u00e7\u00e3o Nacional do Com\u00e9rcio de Bens, Servi\u00e7os e Turismo (CNC) reduziu de +1,7% para +1,3% a previs\u00e3o para o [&hellip;]<\/p>\n","protected":false},"author":125,"featured_media":0,"comment_status":"open","ping_status":"open","sticky":false,"template":"","format":"standard","meta":{"footnotes":""},"categories":[1],"tags":[471,1524,143,1525,1526],"class_list":["post-9788","post","type-post","status-publish","format-standard","hentry","category-sem-categoria","tag-precos","tag-ibge","tag-pesquisa","tag-pmc","tag-volumedevendas"],"_links":{"self":[{"href":"https:\/\/blogs.correiobraziliense.com.br\/capital-sa\/wp-json\/wp\/v2\/posts\/9788","targetHints":{"allow":["GET"]}}],"collection":[{"href":"https:\/\/blogs.correiobraziliense.com.br\/capital-sa\/wp-json\/wp\/v2\/posts"}],"about":[{"href":"https:\/\/blogs.correiobraziliense.com.br\/capital-sa\/wp-json\/wp\/v2\/types\/post"}],"author":[{"embeddable":true,"href":"https:\/\/blogs.correiobraziliense.com.br\/capital-sa\/wp-json\/wp\/v2\/users\/125"}],"replies":[{"embeddable":true,"href":"https:\/\/blogs.correiobraziliense.com.br\/capital-sa\/wp-json\/wp\/v2\/comments?post=9788"}],"version-history":[{"count":12,"href":"https:\/\/blogs.correiobraziliense.com.br\/capital-sa\/wp-json\/wp\/v2\/posts\/9788\/revisions"}],"predecessor-version":[{"id":10102,"href":"https:\/\/blogs.correiobraziliense.com.br\/capital-sa\/wp-json\/wp\/v2\/posts\/9788\/revisions\/10102"}],"wp:attachment":[{"href":"https:\/\/blogs.correiobraziliense.com.br\/capital-sa\/wp-json\/wp\/v2\/media?parent=9788"}],"wp:term":[{"taxonomy":"category","embeddable":true,"href":"https:\/\/blogs.correiobraziliense.com.br\/capital-sa\/wp-json\/wp\/v2\/categories?post=9788"},{"taxonomy":"post_tag","embeddable":true,"href":"https:\/\/blogs.correiobraziliense.com.br\/capital-sa\/wp-json\/wp\/v2\/tags?post=9788"}],"curies":[{"name":"wp","href":"https:\/\/api.w.org\/{rel}","templated":true}]}}