{"id":977,"date":"2020-12-09T16:55:03","date_gmt":"2020-12-09T19:55:03","guid":{"rendered":"https:\/\/blogs.correiobraziliense.com.br\/capital-sa\/?p=977"},"modified":"2020-12-09T17:42:49","modified_gmt":"2020-12-09T20:42:49","slug":"brasilia-ganha-instituto-odontologico-das-americas","status":"publish","type":"post","link":"https:\/\/blogs.correiobraziliense.com.br\/capital-sa\/2020\/12\/09\/brasilia-ganha-instituto-odontologico-das-americas\/","title":{"rendered":"Bras\u00edlia ganha Instituto Odontol\u00f3gico das Am\u00e9ricas"},"content":{"rendered":"<p>O setor de Odontologia vem seguindo uma linha de crescimento. No \u00faltimo ano, o faturamento foi superior a R$\u00a039 milh\u00f5es, um mercado em franca expans\u00e3o, sobretudo no Brasil, segundo o Conselho Federal de Odontologia.<\/p>\n<p>Em Bras\u00edlia, foi inaugurado um novo espa\u00e7o de refer\u00eancia na forma\u00e7\u00e3o de profissionais na \u00e1rea: o Instituto Odontol\u00f3gico das Am\u00e9ricas (IOA).<\/p>\n<h3>Autoridades<\/h3>\n<p><img loading=\"lazy\" decoding=\"async\" class=\"aligncenter size-medium wp-image-978\" src=\"https:\/\/blogs.correiobraziliense.com.br\/capital-sa\/wp-content\/uploads\/sites\/59\/2020\/12\/p-300x200.jpg\" alt=\"\" width=\"300\" height=\"200\" srcset=\"https:\/\/blogs.correiobraziliense.com.br\/capital-sa\/wp-content\/uploads\/sites\/59\/2020\/12\/p-300x200.jpg 300w, https:\/\/blogs.correiobraziliense.com.br\/capital-sa\/wp-content\/uploads\/sites\/59\/2020\/12\/p-768x512.jpg 768w, https:\/\/blogs.correiobraziliense.com.br\/capital-sa\/wp-content\/uploads\/sites\/59\/2020\/12\/p-1024x682.jpg 1024w, https:\/\/blogs.correiobraziliense.com.br\/capital-sa\/wp-content\/uploads\/sites\/59\/2020\/12\/p-800x533.jpg 800w, https:\/\/blogs.correiobraziliense.com.br\/capital-sa\/wp-content\/uploads\/sites\/59\/2020\/12\/p-550x367.jpg 550w, https:\/\/blogs.correiobraziliense.com.br\/capital-sa\/wp-content\/uploads\/sites\/59\/2020\/12\/p-230x153.jpg 230w, https:\/\/blogs.correiobraziliense.com.br\/capital-sa\/wp-content\/uploads\/sites\/59\/2020\/12\/p.jpg 1280w\" sizes=\"auto, (max-width: 300px) 100vw, 300px\" \/><\/p>\n<p>O evento reuniu autoridades como o Ministro da Cidadania, Onyx Lorenzoni, o Secret\u00e1rio de Estado de Empreendedorismo do DF, Mauro Roberto da Mata, o Presidente do CRO, Marco Ant\u00f4nio dos Santos, o Diretor da Rede IOA, Paulo Bauer, al\u00e9m de alguns convidados , respeitando as normas sanit\u00e1rias.<\/p>\n<p>Com as mais modernas instala\u00e7\u00f5es que existem no mercado internacional, o empreendimento traz um conceito inovador que integra teoria e pr\u00e1tica, com professores refer\u00eancia na \u00e1rea.<\/p>\n<p>O lan\u00e7amento foi promovido pelos s\u00f3cios Dr. Cl\u00e1udio Leonardo Andrade, Dr, Julian Machado, Dr. Valdor Neto, Dr. Gustavo Jos\u00e9 e Dr,Marcos Laboissiere, que trouxeram a proposta para a capital.<\/p>\n<p>O Diretor da Rede IOA, Paulo Bauer aponta que o Brasil \u00e9 o pa\u00eds com o maior n\u00famero de dentistas no mundo. \u201cS\u00e3o 300 mil profissionais altamente capacitados\u201d.<\/p>\n<p>Ele refor\u00e7a a mudan\u00e7a do h\u00e1bito do brasileiro: \u201cAs pessoas est\u00e3o se preocupando com a sa\u00fade bucal e indo mais ao dentista. Isso fez \u00a0o n\u00famero de profissionais dobrar. Ent\u00e3o, \u00e9 isso que n\u00f3s do IOA estamos fazendo, qualificando nossos profissionais para serem os melhores do mercado\u201d.<\/p>\n<h3>Empregos e receita<\/h3>\n<p>O espa\u00e7o vai criar 20 empregos diretos, com capacidade para mais de 1000 alunos, podendo gerar 5 mil empregos indiretos, o que s\u00f3 no primeiro semestre de 2021 traria uma receita para o Distrito Federal de quase meio milh\u00e3o de reais<\/p>\n<p>Dr. Julian Machado, s\u00f3cio do IOA e ITC Bras\u00edlia celebrou o in\u00edcio do projeto. \u201c\u00c9 um sonho trazer essa tecnologia para a cidade, contribuindo para o desenvolvimento dos profissionais de sa\u00fade da Capital Federal, que antes tinham que buscar fora daqui essa qualifica\u00e7\u00e3o&#8221;.<\/p>\n<p class=\"p1\"><span class=\"s1\">Sobre o ITC Bras\u00edlia<\/span><\/p>\n<p class=\"p1\"><span class=\"s1\">Tamb\u00e9m foi inaugurado o ITC, que \u00e9 o primeiro instituto de treinamento avan\u00e7ado em cad\u00e1veres frescos (<\/span><span class=\"s2\">fresh frozen<\/span><span class=\"s1\">) no pa\u00eds, com estrutura ultra moderna.<\/span><\/p>\n","protected":false},"excerpt":{"rendered":"<p>O setor de Odontologia vem seguindo uma linha de crescimento. No \u00faltimo ano, o faturamento foi superior a R$\u00a039 milh\u00f5es, um mercado em franca expans\u00e3o, sobretudo no Brasil, segundo o Conselho Federal de Odontologia. Em Bras\u00edlia, foi inaugurado um novo espa\u00e7o de refer\u00eancia na forma\u00e7\u00e3o de profissionais na \u00e1rea: o Instituto Odontol\u00f3gico das Am\u00e9ricas (IOA). Autoridades O evento reuniu autoridades [&hellip;]<\/p>\n","protected":false},"author":125,"featured_media":979,"comment_status":"open","ping_status":"open","sticky":false,"template":"","format":"standard","meta":{"footnotes":""},"categories":[6],"tags":[],"class_list":["post-977","post","type-post","status-publish","format-standard","has-post-thumbnail","hentry","category-coluna-capital-s-a"],"_links":{"self":[{"href":"https:\/\/blogs.correiobraziliense.com.br\/capital-sa\/wp-json\/wp\/v2\/posts\/977","targetHints":{"allow":["GET"]}}],"collection":[{"href":"https:\/\/blogs.correiobraziliense.com.br\/capital-sa\/wp-json\/wp\/v2\/posts"}],"about":[{"href":"https:\/\/blogs.correiobraziliense.com.br\/capital-sa\/wp-json\/wp\/v2\/types\/post"}],"author":[{"embeddable":true,"href":"https:\/\/blogs.correiobraziliense.com.br\/capital-sa\/wp-json\/wp\/v2\/users\/125"}],"replies":[{"embeddable":true,"href":"https:\/\/blogs.correiobraziliense.com.br\/capital-sa\/wp-json\/wp\/v2\/comments?post=977"}],"version-history":[{"count":4,"href":"https:\/\/blogs.correiobraziliense.com.br\/capital-sa\/wp-json\/wp\/v2\/posts\/977\/revisions"}],"predecessor-version":[{"id":983,"href":"https:\/\/blogs.correiobraziliense.com.br\/capital-sa\/wp-json\/wp\/v2\/posts\/977\/revisions\/983"}],"wp:featuredmedia":[{"embeddable":true,"href":"https:\/\/blogs.correiobraziliense.com.br\/capital-sa\/wp-json\/wp\/v2\/media\/979"}],"wp:attachment":[{"href":"https:\/\/blogs.correiobraziliense.com.br\/capital-sa\/wp-json\/wp\/v2\/media?parent=977"}],"wp:term":[{"taxonomy":"category","embeddable":true,"href":"https:\/\/blogs.correiobraziliense.com.br\/capital-sa\/wp-json\/wp\/v2\/categories?post=977"},{"taxonomy":"post_tag","embeddable":true,"href":"https:\/\/blogs.correiobraziliense.com.br\/capital-sa\/wp-json\/wp\/v2\/tags?post=977"}],"curies":[{"name":"wp","href":"https:\/\/api.w.org\/{rel}","templated":true}]}}