{"id":9736,"date":"2022-09-13T10:25:09","date_gmt":"2022-09-13T13:25:09","guid":{"rendered":"https:\/\/blogs.correiobraziliense.com.br\/capital-sa\/?p=9736"},"modified":"2022-10-01T20:10:51","modified_gmt":"2022-10-01T23:10:51","slug":"ferias-do-sebrae-para-se-dedicar-a-campanha","status":"publish","type":"post","link":"https:\/\/blogs.correiobraziliense.com.br\/capital-sa\/2022\/09\/13\/ferias-do-sebrae-para-se-dedicar-a-campanha\/","title":{"rendered":"F\u00e9rias do Sebrae para se dedicar \u00e0 campanha"},"content":{"rendered":"<p class=\"p1\"><b>Por Samanta Sallum<\/b><\/p>\n<p class=\"p1\"><span class=\"s1\">Da porta para dentro, o Sebrae DF \u00e9 apartid\u00e1rio, mas integrantes da dire\u00e7\u00e3o, no tempo livre, se dedicam a colaborar com campanhas pol\u00edticas nesse per\u00edodo eleitoral. Uma das diretoras da entidade, Rose Rainha, est\u00e1 usando o per\u00edodo de f\u00e9rias para trabalhar intensamente na reelei\u00e7\u00e3o do governador Ibaneis (MDB).<br \/>\n<\/span><\/p>\n<p class=\"p1\"><span class=\"s1\">Apesar de n\u00e3o haver nenhum impeditivo legal de membros de institui\u00e7\u00e3o colaborarem em campanhas, desde que fora da hora de expediente, Rose decidiu separar bem as coisas.<\/span><\/p>\n<p class=\"p1\"><span class=\"s1\">&#8220;Me organizei para tirar as f\u00e9rias neste per\u00edodo e, assim, ter liberdade de tempo para estar presente na campanha do governador Ibaneis. Uma quest\u00e3o \u00e9tica tamb\u00e9m. Estamos empenhados com humildade e muito engajamento na reelei\u00e7\u00e3o dele&#8221;, disse \u00e0 coluna.<\/span><\/p>\n<p class=\"p1\"><span class=\"s1\"><b>Rela\u00e7\u00e3o de respeito<\/b><\/span><\/p>\n<p class=\"p1\"><span class=\"s1\">J\u00e1 o superintendente regional do Sebrae, Valdir Oliveira, decidiu n\u00e3o atuar no \u00e2mbito das elei\u00e7\u00f5es locais, apesar de ser filiado ao PSB. &#8220;Quando me filiei, j\u00e1 tinha avisado que eu n\u00e3o seria candidato a nada. E eu tenho uma rela\u00e7\u00e3o muito respeitosa com o governador Ibaneis Rocha. Sou leal a quem foi muito decente comigo nestes \u00faltimos anos. E ele foi&#8221;, explicou Valdir, que vem se mantendo neutro na disputa ao GDF.<\/span><\/p>\n<p><img loading=\"lazy\" decoding=\"async\" class=\"aligncenter size-medium wp-image-9741\" src=\"https:\/\/blogs.correiobraziliense.com.br\/capital-sa\/wp-content\/uploads\/sites\/59\/2022\/09\/96279749-55AC-4A3D-8962-6A9DBEE82C0B-271x300.jpeg\" alt=\"\" width=\"271\" height=\"300\" srcset=\"https:\/\/blogs.correiobraziliense.com.br\/capital-sa\/wp-content\/uploads\/sites\/59\/2022\/09\/96279749-55AC-4A3D-8962-6A9DBEE82C0B-271x300.jpeg 271w, https:\/\/blogs.correiobraziliense.com.br\/capital-sa\/wp-content\/uploads\/sites\/59\/2022\/09\/96279749-55AC-4A3D-8962-6A9DBEE82C0B-550x608.jpeg 550w, https:\/\/blogs.correiobraziliense.com.br\/capital-sa\/wp-content\/uploads\/sites\/59\/2022\/09\/96279749-55AC-4A3D-8962-6A9DBEE82C0B-230x254.jpeg 230w, https:\/\/blogs.correiobraziliense.com.br\/capital-sa\/wp-content\/uploads\/sites\/59\/2022\/09\/96279749-55AC-4A3D-8962-6A9DBEE82C0B.jpeg 562w\" sizes=\"auto, (max-width: 271px) 100vw, 271px\" \/><\/p>\n<p class=\"p1\"><span class=\"s1\"><b>Colabora\u00e7\u00e3o chapa Lula-Alckmin <\/b><\/span><\/p>\n<p class=\"p1\"><span class=\"s1\">No \u00e2mbito nacional, Valdir Oliveira deu a sua colabora\u00e7\u00e3o intelectual ao conte\u00fado program\u00e1tico da chapa de Lula (PT) e Alckmin (PSB) na tem\u00e1tica referente \u00e0s micro e pequenas empresas. &#8220;Ajudei a escrever propostas de governo para o setor. Mas n\u00e3o acompanho o dia a dia da campanha&#8221;, acrescentou.<\/span><\/p>\n","protected":false},"excerpt":{"rendered":"<p>Por Samanta Sallum Da porta para dentro, o Sebrae DF \u00e9 apartid\u00e1rio, mas integrantes da dire\u00e7\u00e3o, no tempo livre, se dedicam a colaborar com campanhas pol\u00edticas nesse per\u00edodo eleitoral. Uma das diretoras da entidade, Rose Rainha, est\u00e1 usando o per\u00edodo de f\u00e9rias para trabalhar intensamente na reelei\u00e7\u00e3o do governador Ibaneis (MDB). Apesar de n\u00e3o haver nenhum impeditivo legal de membros [&hellip;]<\/p>\n","protected":false},"author":125,"featured_media":9739,"comment_status":"open","ping_status":"open","sticky":false,"template":"","format":"standard","meta":{"footnotes":""},"categories":[6],"tags":[1535,1536,955,1534,50],"class_list":["post-9736","post","type-post","status-publish","format-standard","has-post-thumbnail","hentry","category-coluna-capital-s-a","tag-campanhaeleitoral","tag-colaboracao","tag-eleicoes2022","tag-ferias","tag-sebrae"],"_links":{"self":[{"href":"https:\/\/blogs.correiobraziliense.com.br\/capital-sa\/wp-json\/wp\/v2\/posts\/9736","targetHints":{"allow":["GET"]}}],"collection":[{"href":"https:\/\/blogs.correiobraziliense.com.br\/capital-sa\/wp-json\/wp\/v2\/posts"}],"about":[{"href":"https:\/\/blogs.correiobraziliense.com.br\/capital-sa\/wp-json\/wp\/v2\/types\/post"}],"author":[{"embeddable":true,"href":"https:\/\/blogs.correiobraziliense.com.br\/capital-sa\/wp-json\/wp\/v2\/users\/125"}],"replies":[{"embeddable":true,"href":"https:\/\/blogs.correiobraziliense.com.br\/capital-sa\/wp-json\/wp\/v2\/comments?post=9736"}],"version-history":[{"count":6,"href":"https:\/\/blogs.correiobraziliense.com.br\/capital-sa\/wp-json\/wp\/v2\/posts\/9736\/revisions"}],"predecessor-version":[{"id":10105,"href":"https:\/\/blogs.correiobraziliense.com.br\/capital-sa\/wp-json\/wp\/v2\/posts\/9736\/revisions\/10105"}],"wp:featuredmedia":[{"embeddable":true,"href":"https:\/\/blogs.correiobraziliense.com.br\/capital-sa\/wp-json\/wp\/v2\/media\/9739"}],"wp:attachment":[{"href":"https:\/\/blogs.correiobraziliense.com.br\/capital-sa\/wp-json\/wp\/v2\/media?parent=9736"}],"wp:term":[{"taxonomy":"category","embeddable":true,"href":"https:\/\/blogs.correiobraziliense.com.br\/capital-sa\/wp-json\/wp\/v2\/categories?post=9736"},{"taxonomy":"post_tag","embeddable":true,"href":"https:\/\/blogs.correiobraziliense.com.br\/capital-sa\/wp-json\/wp\/v2\/tags?post=9736"}],"curies":[{"name":"wp","href":"https:\/\/api.w.org\/{rel}","templated":true}]}}