{"id":9686,"date":"2022-09-09T16:04:09","date_gmt":"2022-09-09T19:04:09","guid":{"rendered":"https:\/\/blogs.correiobraziliense.com.br\/capital-sa\/?p=9686"},"modified":"2022-09-09T16:24:05","modified_gmt":"2022-09-09T19:24:05","slug":"distrito-federal-sedia-nova-estacao-de-entrega-da-amazon","status":"publish","type":"post","link":"https:\/\/blogs.correiobraziliense.com.br\/capital-sa\/2022\/09\/09\/distrito-federal-sedia-nova-estacao-de-entrega-da-amazon\/","title":{"rendered":"Distrito Federal sedia nova esta\u00e7\u00e3o de entrega da Amazon"},"content":{"rendered":"<p class=\"p1\">Por Samanta Sallum<\/p>\n<p class=\"p1\"><span class=\"s1\">A Amazon Log\u00edstica inaugurou duas novas Esta\u00e7\u00f5es de Entrega na regi\u00e3o Centro-Oeste, uma em Hidrol\u00e2ndia (GO) e outra no DF. Para fortalecer sua opera\u00e7\u00e3o. A sexta e a s\u00e9tima unidades do tipo no Brasil devem gerar, neste primeiro momento, mais de 60 empregos diretos, contratando cerca de 125 motoristas parceiros. Para os per\u00edodos de pico, como o <\/span><span class=\"s2\">Prime Day<\/span><span class=\"s1\">e a <\/span><span class=\"s2\">Black Friday<\/span><span class=\"s1\">, esse quadro tem potencial de dobrar, com funcion\u00e1rios tempor\u00e1rios.<\/span><\/p>\n<p class=\"p1\"><span class=\"s1\"><b>Seguran\u00e7a e velocidade<\/b><\/span><\/p>\n<p class=\"p1\"><span class=\"s1\">A expans\u00e3o das opera\u00e7\u00f5es da Amazon Log\u00edstica no pa\u00eds atender\u00e1 mais de 24 mil c\u00f3digos postais. <\/span><span class=\"s2\"> \u201cO fortalecimento da nossa rede log\u00edstica tem como pilares a seguran\u00e7a, para proteger nossas equipes e parceiros, e a velocidade, para garantir uma entrega de qualidade e no menor tempo poss\u00edvel\u201d<\/span><span class=\"s1\">, explica <\/span><span class=\"s3\">Rafael Caldas, l\u00edder da Amazon Log\u00edstica no Brasil<\/span><span class=\"s1\">.<\/span><\/p>\n","protected":false},"excerpt":{"rendered":"<p>Por Samanta Sallum A Amazon Log\u00edstica inaugurou duas novas Esta\u00e7\u00f5es de Entrega na regi\u00e3o Centro-Oeste, uma em Hidrol\u00e2ndia (GO) e outra no DF. Para fortalecer sua opera\u00e7\u00e3o. A sexta e a s\u00e9tima unidades do tipo no Brasil devem gerar, neste primeiro momento, mais de 60 empregos diretos, contratando cerca de 125 motoristas parceiros. Para os per\u00edodos de pico, como o [&hellip;]<\/p>\n","protected":false},"author":125,"featured_media":9690,"comment_status":"open","ping_status":"open","sticky":false,"template":"","format":"standard","meta":{"footnotes":""},"categories":[6],"tags":[1086,1467,332,860,1466],"class_list":["post-9686","post","type-post","status-publish","format-standard","has-post-thumbnail","hentry","category-coluna-capital-s-a","tag-amazon","tag-codigospostais","tag-df","tag-entrega","tag-redededistribuicao"],"_links":{"self":[{"href":"https:\/\/blogs.correiobraziliense.com.br\/capital-sa\/wp-json\/wp\/v2\/posts\/9686","targetHints":{"allow":["GET"]}}],"collection":[{"href":"https:\/\/blogs.correiobraziliense.com.br\/capital-sa\/wp-json\/wp\/v2\/posts"}],"about":[{"href":"https:\/\/blogs.correiobraziliense.com.br\/capital-sa\/wp-json\/wp\/v2\/types\/post"}],"author":[{"embeddable":true,"href":"https:\/\/blogs.correiobraziliense.com.br\/capital-sa\/wp-json\/wp\/v2\/users\/125"}],"replies":[{"embeddable":true,"href":"https:\/\/blogs.correiobraziliense.com.br\/capital-sa\/wp-json\/wp\/v2\/comments?post=9686"}],"version-history":[{"count":5,"href":"https:\/\/blogs.correiobraziliense.com.br\/capital-sa\/wp-json\/wp\/v2\/posts\/9686\/revisions"}],"predecessor-version":[{"id":9694,"href":"https:\/\/blogs.correiobraziliense.com.br\/capital-sa\/wp-json\/wp\/v2\/posts\/9686\/revisions\/9694"}],"wp:featuredmedia":[{"embeddable":true,"href":"https:\/\/blogs.correiobraziliense.com.br\/capital-sa\/wp-json\/wp\/v2\/media\/9690"}],"wp:attachment":[{"href":"https:\/\/blogs.correiobraziliense.com.br\/capital-sa\/wp-json\/wp\/v2\/media?parent=9686"}],"wp:term":[{"taxonomy":"category","embeddable":true,"href":"https:\/\/blogs.correiobraziliense.com.br\/capital-sa\/wp-json\/wp\/v2\/categories?post=9686"},{"taxonomy":"post_tag","embeddable":true,"href":"https:\/\/blogs.correiobraziliense.com.br\/capital-sa\/wp-json\/wp\/v2\/tags?post=9686"}],"curies":[{"name":"wp","href":"https:\/\/api.w.org\/{rel}","templated":true}]}}