{"id":9662,"date":"2022-09-08T16:37:59","date_gmt":"2022-09-08T19:37:59","guid":{"rendered":"https:\/\/blogs.correiobraziliense.com.br\/capital-sa\/?p=9662"},"modified":"2022-09-08T16:37:59","modified_gmt":"2022-09-08T19:37:59","slug":"numero-de-familias-endividadas-no-df-segue-em-alta-e-acima-da-media-nacional","status":"publish","type":"post","link":"https:\/\/blogs.correiobraziliense.com.br\/capital-sa\/2022\/09\/08\/numero-de-familias-endividadas-no-df-segue-em-alta-e-acima-da-media-nacional\/","title":{"rendered":"N\u00famero de fam\u00edlias endividadas no DF segue em alta e acima da m\u00e9dia nacional"},"content":{"rendered":"<p class=\"p1\"><b>Por Samanta Sallum\u00a0<\/b><\/p>\n<p class=\"p1\"><span class=\"s1\">O \u00edndice de endividamento das fam\u00edlias brasilienses segue em alta. Entre julho e agosto, subiu para 85,6%. O aumento foi de 1,6%.<\/span><\/p>\n<p class=\"p1\"><span class=\"s1\">Essa propor\u00e7\u00e3o est\u00e1 bem acima da m\u00e9dia nacional no per\u00edodo, que registrou 79%. \u00c9 o que aponta a pesquisa mensal da Confedera\u00e7\u00e3o Nacional do Com\u00e9rcio (CNC).<\/span><\/p>\n<p class=\"p1\"><span class=\"s1\"><b>Menos contas em atraso <\/b><\/span><\/p>\n<p class=\"p1\"><span class=\"s1\">No entanto, a propor\u00e7\u00e3o de pessoas com alguma conta em atraso caiu para 25%, uma queda de 1% .<\/span><\/p>\n<p class=\"p1\"><span class=\"s1\">\u201cEstamos vendo o esfor\u00e7o das fam\u00edlias brasilienses em tentar pagar as contas em dia. Mas a infla\u00e7\u00e3o ainda elevada desafia o poder de compra dos consumidores e a gest\u00e3o or\u00e7ament\u00e1ria familiar\u201d, explica a economista da CNC Izis Ferreira. <\/span><\/p>\n","protected":false},"excerpt":{"rendered":"<p>Por Samanta Sallum\u00a0 O \u00edndice de endividamento das fam\u00edlias brasilienses segue em alta. Entre julho e agosto, subiu para 85,6%. O aumento foi de 1,6%. Essa propor\u00e7\u00e3o est\u00e1 bem acima da m\u00e9dia nacional no per\u00edodo, que registrou 79%. \u00c9 o que aponta a pesquisa mensal da Confedera\u00e7\u00e3o Nacional do Com\u00e9rcio (CNC). Menos contas em atraso No entanto, a propor\u00e7\u00e3o de [&hellip;]<\/p>\n","protected":false},"author":125,"featured_media":0,"comment_status":"open","ping_status":"open","sticky":false,"template":"","format":"standard","meta":{"footnotes":""},"categories":[1],"tags":[275,1161,417,418,1424],"class_list":["post-9662","post","type-post","status-publish","format-standard","hentry","category-sem-categoria","tag-cnc","tag-contas","tag-endividamento","tag-familias","tag-indice"],"_links":{"self":[{"href":"https:\/\/blogs.correiobraziliense.com.br\/capital-sa\/wp-json\/wp\/v2\/posts\/9662","targetHints":{"allow":["GET"]}}],"collection":[{"href":"https:\/\/blogs.correiobraziliense.com.br\/capital-sa\/wp-json\/wp\/v2\/posts"}],"about":[{"href":"https:\/\/blogs.correiobraziliense.com.br\/capital-sa\/wp-json\/wp\/v2\/types\/post"}],"author":[{"embeddable":true,"href":"https:\/\/blogs.correiobraziliense.com.br\/capital-sa\/wp-json\/wp\/v2\/users\/125"}],"replies":[{"embeddable":true,"href":"https:\/\/blogs.correiobraziliense.com.br\/capital-sa\/wp-json\/wp\/v2\/comments?post=9662"}],"version-history":[{"count":3,"href":"https:\/\/blogs.correiobraziliense.com.br\/capital-sa\/wp-json\/wp\/v2\/posts\/9662\/revisions"}],"predecessor-version":[{"id":9673,"href":"https:\/\/blogs.correiobraziliense.com.br\/capital-sa\/wp-json\/wp\/v2\/posts\/9662\/revisions\/9673"}],"wp:attachment":[{"href":"https:\/\/blogs.correiobraziliense.com.br\/capital-sa\/wp-json\/wp\/v2\/media?parent=9662"}],"wp:term":[{"taxonomy":"category","embeddable":true,"href":"https:\/\/blogs.correiobraziliense.com.br\/capital-sa\/wp-json\/wp\/v2\/categories?post=9662"},{"taxonomy":"post_tag","embeddable":true,"href":"https:\/\/blogs.correiobraziliense.com.br\/capital-sa\/wp-json\/wp\/v2\/tags?post=9662"}],"curies":[{"name":"wp","href":"https:\/\/api.w.org\/{rel}","templated":true}]}}