{"id":9653,"date":"2022-09-08T16:33:00","date_gmt":"2022-09-08T19:33:00","guid":{"rendered":"https:\/\/blogs.correiobraziliense.com.br\/capital-sa\/?p=9653"},"modified":"2022-09-08T16:35:57","modified_gmt":"2022-09-08T19:35:57","slug":"inscricoes-para-o-concurso-desafio-asg-no-distrito-federal","status":"publish","type":"post","link":"https:\/\/blogs.correiobraziliense.com.br\/capital-sa\/2022\/09\/08\/inscricoes-para-o-concurso-desafio-asg-no-distrito-federal\/","title":{"rendered":"Inscri\u00e7\u00f5es para o concurso desafio ASG no Distrito Federal"},"content":{"rendered":"<p class=\"p1\"><span class=\"s1\">A<\/span><span class=\"s2\">s inscri\u00e7\u00f5es para o concurso \u201cDesafio ASG &#8211; Solu\u00e7\u00f5es em Sustentabilidade Ambiental, Responsabilidade Social e Governan\u00e7a ASG para o Governo do Distrito Federal\u201d foram prorrogadas at\u00e9 12 de setembro. A Ag\u00eancia Brasileira de Desenvolvimento Industrial (ABDI) e o Parque Tecnol\u00f3gico de Bras\u00edlia, o BioTIC, s\u00e3o os respons\u00e1veis pela sele\u00e7\u00e3o p\u00fablica.<\/span><\/p>\n<p>O objetivo \u00e9 fomentar a cultura ambiental, social e governamental (ASG) nos projetos da capital federal. Os recursos financeiros totais disponibilizados pela ABDI no edital chegam a R$ 1 milh\u00e3o, para premia\u00e7\u00e3o de at\u00e9 cinco projetos.<\/p>\n<p class=\"s9\"><span class=\"s8\"><span class=\"bumpedFont15\">De acordo com a gerente da Unidade de Projetos Especiais da ABDI, Cynthia Mattos, as solu\u00e7\u00f5es tecnol\u00f3gicas escolhidas dever\u00e3o contribuir para um ambiente de inova\u00e7\u00e3o e inclus\u00e3o da sociedade nos processos digitais. <\/span><\/span><\/p>\n<p class=\"s9\"><span class=\"s8\"><span class=\"bumpedFont15\">\u201cEsperamos estimular a melhoria das pol\u00edticas e servi\u00e7os p\u00fablicos, gerando solu\u00e7\u00f5es inovadoras para maior transpar\u00eancia, aumento dos mecanismos de participa\u00e7\u00e3o e controle social e melhoria da qualidade da atua\u00e7\u00e3o das institui\u00e7\u00f5es\u201d, acrescenta Mattos.<\/span><\/span><\/p>\n<p><b>Inscri\u00e7\u00f5es<\/b>:<\/p>\n<p>https:\/\/prosas.com.br\/editais\/11621-desafio-asg-abdi-biotic%20%C2%A0<\/p>\n<p>&nbsp;<\/p>\n","protected":false},"excerpt":{"rendered":"<p>As inscri\u00e7\u00f5es para o concurso \u201cDesafio ASG &#8211; Solu\u00e7\u00f5es em Sustentabilidade Ambiental, Responsabilidade Social e Governan\u00e7a ASG para o Governo do Distrito Federal\u201d foram prorrogadas at\u00e9 12 de setembro. A Ag\u00eancia Brasileira de Desenvolvimento Industrial (ABDI) e o Parque Tecnol\u00f3gico de Bras\u00edlia, o BioTIC, s\u00e3o os respons\u00e1veis pela sele\u00e7\u00e3o p\u00fablica. O objetivo \u00e9 fomentar a cultura ambiental, social e governamental [&hellip;]<\/p>\n","protected":false},"author":125,"featured_media":0,"comment_status":"open","ping_status":"open","sticky":false,"template":"","format":"standard","meta":{"footnotes":""},"categories":[1],"tags":[1463,574,1464,90],"class_list":["post-9653","post","type-post","status-publish","format-standard","hentry","category-sem-categoria","tag-asg","tag-cultura","tag-desafioasg","tag-inscricoes"],"_links":{"self":[{"href":"https:\/\/blogs.correiobraziliense.com.br\/capital-sa\/wp-json\/wp\/v2\/posts\/9653","targetHints":{"allow":["GET"]}}],"collection":[{"href":"https:\/\/blogs.correiobraziliense.com.br\/capital-sa\/wp-json\/wp\/v2\/posts"}],"about":[{"href":"https:\/\/blogs.correiobraziliense.com.br\/capital-sa\/wp-json\/wp\/v2\/types\/post"}],"author":[{"embeddable":true,"href":"https:\/\/blogs.correiobraziliense.com.br\/capital-sa\/wp-json\/wp\/v2\/users\/125"}],"replies":[{"embeddable":true,"href":"https:\/\/blogs.correiobraziliense.com.br\/capital-sa\/wp-json\/wp\/v2\/comments?post=9653"}],"version-history":[{"count":10,"href":"https:\/\/blogs.correiobraziliense.com.br\/capital-sa\/wp-json\/wp\/v2\/posts\/9653\/revisions"}],"predecessor-version":[{"id":9679,"href":"https:\/\/blogs.correiobraziliense.com.br\/capital-sa\/wp-json\/wp\/v2\/posts\/9653\/revisions\/9679"}],"wp:attachment":[{"href":"https:\/\/blogs.correiobraziliense.com.br\/capital-sa\/wp-json\/wp\/v2\/media?parent=9653"}],"wp:term":[{"taxonomy":"category","embeddable":true,"href":"https:\/\/blogs.correiobraziliense.com.br\/capital-sa\/wp-json\/wp\/v2\/categories?post=9653"},{"taxonomy":"post_tag","embeddable":true,"href":"https:\/\/blogs.correiobraziliense.com.br\/capital-sa\/wp-json\/wp\/v2\/tags?post=9653"}],"curies":[{"name":"wp","href":"https:\/\/api.w.org\/{rel}","templated":true}]}}