{"id":9615,"date":"2022-09-07T08:21:27","date_gmt":"2022-09-07T11:21:27","guid":{"rendered":"https:\/\/blogs.correiobraziliense.com.br\/capital-sa\/?p=9615"},"modified":"2022-09-08T12:35:58","modified_gmt":"2022-09-08T15:35:58","slug":"multinacional-faz-intervencao-visual-em-brasilia-para-denunciar-desmatamento-da-amazonia","status":"publish","type":"post","link":"https:\/\/blogs.correiobraziliense.com.br\/capital-sa\/2022\/09\/07\/multinacional-faz-intervencao-visual-em-brasilia-para-denunciar-desmatamento-da-amazonia\/","title":{"rendered":"Multinacional faz interven\u00e7\u00e3o visual em Bras\u00edlia no 7 de Setembro para denunciar desmatamento da Amaz\u00f4nia"},"content":{"rendered":"<p class=\"p1\"><b>Por Samanta Sallum<\/b><\/p>\n<p class=\"p1\"><span class=\"s1\">Bras\u00edlia foi escolhida pela Natura para receber uma interven\u00e7\u00e3o visual bem no centro do poder.<span class=\"Apple-converted-space\">\u00a0 A empresa est\u00e1\u00a0<\/span>usando o gigante painel digital no Conic para chamar a aten\u00e7\u00e3o contra o desmatamento da Amaz\u00f4nia. Imagens e n\u00fameros estar\u00e3o estampados hoje, nas celebra\u00e7\u00f5es do 7 de Setembro, para que todos que circularem pela local possam v\u00ea-los.<\/span><\/p>\n<p>O destaque \u00e9 o contador de \u00e1rvores derrubadas em tempo real. A Natura, fundada no Brasil em 1969, \u00e9 uma multinacional do setor de higiene e cosm\u00e9tica que faz parte do conglomerado que re\u00fane as marcas\u00a0Avon, Natura, The Body Shop e Aesop.<\/p>\n<p class=\"p1\"><span class=\"s1\">\u201cEntendemos que Bras\u00edlia, por ser a capital federal e ber\u00e7o das decis\u00f5es pol\u00edticas do pa\u00eds, \u00e9 o melhor lugar para essa campanha em prol da floresta em p\u00e9. O painel nos lembra de que est\u00e1 em nossas m\u00e3os a mobiliza\u00e7\u00e3o para que candidatos e autoridades atuem j\u00e1 para garantir a sobreviv\u00eancia da Amaz\u00f4nia, um bem precioso para as pessoas e o planeta\u201d, disse \u00e0 coluna Agenor Le\u00e3o, vice-presidente de Neg\u00f3cios da Natura.<\/span><\/p>\n<p><img loading=\"lazy\" decoding=\"async\" class=\"aligncenter size-medium wp-image-9621\" src=\"https:\/\/blogs.correiobraziliense.com.br\/capital-sa\/wp-content\/uploads\/sites\/59\/2022\/09\/D56D2B4A-F382-48A5-A9B6-1237DB96A98B-300x278.jpeg\" alt=\"\" width=\"300\" height=\"278\" srcset=\"https:\/\/blogs.correiobraziliense.com.br\/capital-sa\/wp-content\/uploads\/sites\/59\/2022\/09\/D56D2B4A-F382-48A5-A9B6-1237DB96A98B-300x278.jpeg 300w, https:\/\/blogs.correiobraziliense.com.br\/capital-sa\/wp-content\/uploads\/sites\/59\/2022\/09\/D56D2B4A-F382-48A5-A9B6-1237DB96A98B-768x712.jpeg 768w, https:\/\/blogs.correiobraziliense.com.br\/capital-sa\/wp-content\/uploads\/sites\/59\/2022\/09\/D56D2B4A-F382-48A5-A9B6-1237DB96A98B-800x741.jpeg 800w, https:\/\/blogs.correiobraziliense.com.br\/capital-sa\/wp-content\/uploads\/sites\/59\/2022\/09\/D56D2B4A-F382-48A5-A9B6-1237DB96A98B-550x510.jpeg 550w, https:\/\/blogs.correiobraziliense.com.br\/capital-sa\/wp-content\/uploads\/sites\/59\/2022\/09\/D56D2B4A-F382-48A5-A9B6-1237DB96A98B-230x213.jpeg 230w, https:\/\/blogs.correiobraziliense.com.br\/capital-sa\/wp-content\/uploads\/sites\/59\/2022\/09\/D56D2B4A-F382-48A5-A9B6-1237DB96A98B.jpeg 804w\" sizes=\"auto, (max-width: 300px) 100vw, 300px\" \/><\/p>\n<p class=\"p1\"><span class=\"s1\">At\u00e9 2 de outubro, diariamente, dados estat\u00edsticos sobre o desmatamento, imagens e outras informa\u00e7\u00f5es relacionadas \u00e0 conserva\u00e7\u00e3o da maior floresta tropical do mundo ganhar\u00e3o visibilidade. Exatamente por ser um per\u00edodo eleitoral, a a\u00e7\u00e3o faz parte da campanha <\/span><em><span class=\"s2\">O Poder Est\u00e1 nas Nossas M\u00e3os<\/span><span class=\"s1\">.<\/span><\/em><\/p>\n<p>Com opera\u00e7\u00f5es na Argentina, Chile, Col\u00f4mbia, Estados Unidos, Fran\u00e7a, M\u00e9xico, Peru e Mal\u00e1sia, a marca assumiu, h\u00e1 20 anos, a causa pela preserva\u00e7\u00e3o da Amaz\u00f4nia, onde realiza projetos de sustentabilidade que respaldam os produtos da linha Ekos.<\/p>\n<p><b>Contra testes em animais\u00a0<\/b><\/p>\n<p>A empresa conta com mais de 2 milh\u00f5es de consultoras na Am\u00e9rica Latina, sendo l\u00edder no setor de venda direta no Brasil. Foi a primeira companhia de capital aberto a receber a certifica\u00e7\u00e3o de empresa B no mundo, em \u00a02014, pela atua\u00e7\u00e3o sustent\u00e1vel nos aspectos social, ambiental e econ\u00f4mico.<\/p>\n<p class=\"p1\"><span class=\"s1\">\u00c9 tamb\u00e9m a primeira empresa brasileira a conquistar o selo &#8220;The Leaping Bunny&#8221;, concedido pela organiza\u00e7\u00e3o de prote\u00e7\u00e3o animal Cruelty Free International, em 2018, que atesta o compromisso da empresa com a n\u00e3o realiza\u00e7\u00e3o de testes em animais de seus produtos ou ingredientes.<br \/>\n<\/span><\/p>\n<p>&nbsp;<\/p>\n<p>&nbsp;<\/p>\n","protected":false},"excerpt":{"rendered":"<p>Por Samanta Sallum Bras\u00edlia foi escolhida pela Natura para receber uma interven\u00e7\u00e3o visual bem no centro do poder.\u00a0 A empresa est\u00e1\u00a0usando o gigante painel digital no Conic para chamar a aten\u00e7\u00e3o contra o desmatamento da Amaz\u00f4nia. Imagens e n\u00fameros estar\u00e3o estampados hoje, nas celebra\u00e7\u00f5es do 7 de Setembro, para que todos que circularem pela local possam v\u00ea-los. O destaque \u00e9 [&hellip;]<\/p>\n","protected":false},"author":125,"featured_media":9620,"comment_status":"open","ping_status":"open","sticky":false,"template":"","format":"standard","meta":{"footnotes":""},"categories":[6],"tags":[1453,1459,510,1461,1462,1460,596],"class_list":["post-9615","post","type-post","status-publish","format-standard","has-post-thumbnail","hentry","category-coluna-capital-s-a","tag-7desetembro","tag-amazonia","tag-campanha","tag-conic","tag-desmatamento","tag-natura","tag-painel"],"_links":{"self":[{"href":"https:\/\/blogs.correiobraziliense.com.br\/capital-sa\/wp-json\/wp\/v2\/posts\/9615","targetHints":{"allow":["GET"]}}],"collection":[{"href":"https:\/\/blogs.correiobraziliense.com.br\/capital-sa\/wp-json\/wp\/v2\/posts"}],"about":[{"href":"https:\/\/blogs.correiobraziliense.com.br\/capital-sa\/wp-json\/wp\/v2\/types\/post"}],"author":[{"embeddable":true,"href":"https:\/\/blogs.correiobraziliense.com.br\/capital-sa\/wp-json\/wp\/v2\/users\/125"}],"replies":[{"embeddable":true,"href":"https:\/\/blogs.correiobraziliense.com.br\/capital-sa\/wp-json\/wp\/v2\/comments?post=9615"}],"version-history":[{"count":19,"href":"https:\/\/blogs.correiobraziliense.com.br\/capital-sa\/wp-json\/wp\/v2\/posts\/9615\/revisions"}],"predecessor-version":[{"id":9671,"href":"https:\/\/blogs.correiobraziliense.com.br\/capital-sa\/wp-json\/wp\/v2\/posts\/9615\/revisions\/9671"}],"wp:featuredmedia":[{"embeddable":true,"href":"https:\/\/blogs.correiobraziliense.com.br\/capital-sa\/wp-json\/wp\/v2\/media\/9620"}],"wp:attachment":[{"href":"https:\/\/blogs.correiobraziliense.com.br\/capital-sa\/wp-json\/wp\/v2\/media?parent=9615"}],"wp:term":[{"taxonomy":"category","embeddable":true,"href":"https:\/\/blogs.correiobraziliense.com.br\/capital-sa\/wp-json\/wp\/v2\/categories?post=9615"},{"taxonomy":"post_tag","embeddable":true,"href":"https:\/\/blogs.correiobraziliense.com.br\/capital-sa\/wp-json\/wp\/v2\/tags?post=9615"}],"curies":[{"name":"wp","href":"https:\/\/api.w.org\/{rel}","templated":true}]}}