{"id":9600,"date":"2022-09-08T11:20:39","date_gmt":"2022-09-08T14:20:39","guid":{"rendered":"https:\/\/blogs.correiobraziliense.com.br\/capital-sa\/?p=9600"},"modified":"2022-09-08T13:20:58","modified_gmt":"2022-09-08T16:20:58","slug":"media-de-aluguel-de-lojas-na-asa-sul-e-o-dobro-que-na-asa-norte","status":"publish","type":"post","link":"https:\/\/blogs.correiobraziliense.com.br\/capital-sa\/2022\/09\/08\/media-de-aluguel-de-lojas-na-asa-sul-e-o-dobro-que-na-asa-norte\/","title":{"rendered":"M\u00e9dia de aluguel de lojas na Asa Sul \u00e9 o dobro que na Asa Norte"},"content":{"rendered":"<p class=\"p1\"><b>Por Samanta Sallum<\/b><\/p>\n<p class=\"p1\"><span class=\"s2\">O valor do aluguel das lojas comerciais na Asa Sul e na Asa Norte registra rentabilidade. Na primeira regi\u00e3o, subiu de 0,54% em maio para 0,58% em julho. Na Asa Norte, o aumento foi de 0,66% para 0,67%.<br \/>\n<\/span><\/p>\n<p class=\"p1\"><span class=\"s2\">Os percentuais se referem \u00e0 an\u00e1lise de rentabilidade que indica, por meio do aluguel, quanto o propriet\u00e1rio do im\u00f3vel pode obter em rela\u00e7\u00e3o \u00e0 quantidade de recursos imobilizada na propriedade.<br \/>\n<\/span><\/p>\n<p>No entanto, o valor m\u00e9dio do aluguel de lojas na Asa Sul (R$ 6 mil) \u00e9 mais que o dobro que o na Asa Norte (R$ 3,5 mil).<\/p>\n<p class=\"p1\"><span class=\"s2\">Seguindo a tend\u00eancia de alta, em julho, o Valor Geral de Vendas desse tipo de im\u00f3vel atingiu cerca de R$ 1,5 bilh\u00e3o, que representa uma varia\u00e7\u00e3o positiva de 2,37% em rela\u00e7\u00e3o ao m\u00eas anterior. Isso j\u00e1 supera o montante do per\u00edodo do desconto do ITBI, no in\u00edcio deste ano. <\/span><\/p>\n<p class=\"p1\"><span class=\"s2\"><b>Queda da infla\u00e7\u00e3o <\/b><\/span><\/p>\n<p class=\"p1\"><span class=\"s2\">\u00c9 o que aponta pesquisa do Secovi\/DF. \u201cA queda da infla\u00e7\u00e3o com a diminui\u00e7\u00e3o dos juros, que devem vir ano que vem, indica que os im\u00f3veis t\u00eam uma perspectiva de estabiliza\u00e7\u00e3o e uma leve alta no mercado imobili\u00e1rio futuro\u201d, informa Pablo Bueno, vice-presidente em Tend\u00eancias e Inova\u00e7\u00f5es do sindicato das imobili\u00e1rias do DF.<\/span><\/p>\n","protected":false},"excerpt":{"rendered":"<p>Por Samanta Sallum O valor do aluguel das lojas comerciais na Asa Sul e na Asa Norte registra rentabilidade. Na primeira regi\u00e3o, subiu de 0,54% em maio para 0,58% em julho. Na Asa Norte, o aumento foi de 0,66% para 0,67%. Os percentuais se referem \u00e0 an\u00e1lise de rentabilidade que indica, por meio do aluguel, quanto o propriet\u00e1rio do im\u00f3vel [&hellip;]<\/p>\n","protected":false},"author":125,"featured_media":9670,"comment_status":"open","ping_status":"open","sticky":false,"template":"","format":"standard","meta":{"footnotes":""},"categories":[6],"tags":[1174,152,129,760,1320],"class_list":["post-9600","post","type-post","status-publish","format-standard","has-post-thumbnail","hentry","category-coluna-capital-s-a","tag-aluguel","tag-asanorte","tag-asasul","tag-secovi-df","tag-valor"],"_links":{"self":[{"href":"https:\/\/blogs.correiobraziliense.com.br\/capital-sa\/wp-json\/wp\/v2\/posts\/9600","targetHints":{"allow":["GET"]}}],"collection":[{"href":"https:\/\/blogs.correiobraziliense.com.br\/capital-sa\/wp-json\/wp\/v2\/posts"}],"about":[{"href":"https:\/\/blogs.correiobraziliense.com.br\/capital-sa\/wp-json\/wp\/v2\/types\/post"}],"author":[{"embeddable":true,"href":"https:\/\/blogs.correiobraziliense.com.br\/capital-sa\/wp-json\/wp\/v2\/users\/125"}],"replies":[{"embeddable":true,"href":"https:\/\/blogs.correiobraziliense.com.br\/capital-sa\/wp-json\/wp\/v2\/comments?post=9600"}],"version-history":[{"count":11,"href":"https:\/\/blogs.correiobraziliense.com.br\/capital-sa\/wp-json\/wp\/v2\/posts\/9600\/revisions"}],"predecessor-version":[{"id":9676,"href":"https:\/\/blogs.correiobraziliense.com.br\/capital-sa\/wp-json\/wp\/v2\/posts\/9600\/revisions\/9676"}],"wp:featuredmedia":[{"embeddable":true,"href":"https:\/\/blogs.correiobraziliense.com.br\/capital-sa\/wp-json\/wp\/v2\/media\/9670"}],"wp:attachment":[{"href":"https:\/\/blogs.correiobraziliense.com.br\/capital-sa\/wp-json\/wp\/v2\/media?parent=9600"}],"wp:term":[{"taxonomy":"category","embeddable":true,"href":"https:\/\/blogs.correiobraziliense.com.br\/capital-sa\/wp-json\/wp\/v2\/categories?post=9600"},{"taxonomy":"post_tag","embeddable":true,"href":"https:\/\/blogs.correiobraziliense.com.br\/capital-sa\/wp-json\/wp\/v2\/tags?post=9600"}],"curies":[{"name":"wp","href":"https:\/\/api.w.org\/{rel}","templated":true}]}}