{"id":9579,"date":"2022-09-05T19:34:26","date_gmt":"2022-09-05T22:34:26","guid":{"rendered":"https:\/\/blogs.correiobraziliense.com.br\/capital-sa\/?p=9579"},"modified":"2022-09-05T22:48:51","modified_gmt":"2022-09-06T01:48:51","slug":"transito-na-esplanada-fecha-hoje-23h59-para-o-7-de-setembro-algumas-embaixadas-terao-reforco-da-pm","status":"publish","type":"post","link":"https:\/\/blogs.correiobraziliense.com.br\/capital-sa\/2022\/09\/05\/transito-na-esplanada-fecha-hoje-23h59-para-o-7-de-setembro-algumas-embaixadas-terao-reforco-da-pm\/","title":{"rendered":"Secretaria de Seguran\u00e7a antecipa interdi\u00e7\u00e3o do tr\u00e2nsito da Esplanada para o 7 de Setembro. Algumas embaixadas ter\u00e3o refor\u00e7o da PM"},"content":{"rendered":"<p><b>Por Samanta Sallum\u00a0<\/b><\/p>\n<p>A Secretaria de Seguran\u00e7a P\u00fablica do Distrito Federal (SSP\/DF) decidiu antecipar o fechamento ao acesso \u00e0 Esplanada dos Minist\u00e9rios de 23h para 21h de hoje (segunda-feira,5).<\/p>\n<p>Tem o objetivo de impedir a perman\u00eancia e fluxo de ve\u00edculos no local, para montagem das estruturas do desfile c\u00edvico e demais a\u00e7\u00f5es de seguran\u00e7a previstas.<\/p>\n<p>Um grupo de caminhoneiros que se dirigia \u00e0 regi\u00e3o foi orientado, na altura da Rodovi\u00e1ria do Plano Piloto, da impossibilidade de acessar e permanecer no local, por quest\u00f5es de seguran\u00e7a. O grupo seguiu, de forma pac\u00edfica, sentido Eix\u00e3o Sul.<\/p>\n<p>O plano de seguran\u00e7a prev\u00ea tamb\u00e9m o refor\u00e7o policial de algumas embaixadas especificamente. Entre elas: Venezuela, R\u00fassia, Ucr\u00e2nia, China e Estados Unidos.<\/p>\n<p class=\"p1\"><span class=\"s1\">&#8220;Estarei l\u00e1 na Esplanada pessoalmente hoje \u00e0 noite para dar in\u00edcio \u00e0 interdi\u00e7\u00e3o das vias. Essa anteced\u00eancia ajudar\u00e1 na finaliza\u00e7\u00e3o da decora\u00e7\u00e3o da regi\u00e3o para o desfile. Nossas equipes permanecer\u00e3o l\u00e1 para resguardar o local at\u00e9 o evento&#8221;, disse ao <b>Correio<\/b>\u00a0o comandante da PM\/DF, cel Fabio Augusto Vieira.<\/span><\/p>\n<p class=\"p1\"><span class=\"s1\">Ele explicou tamb\u00e9m que o refor\u00e7o nas embaixadas \u00e9 apenas uma medida preventiva. &#8220;N\u00e3o h\u00e1 nada fora do normal que tenhamos detectado. Mas, como haver\u00e1 um grande fluxo de pessoas, vamos nos precaver&#8221;, esclareceu.<\/span><\/p>\n<p class=\"p1\"><span class=\"s1\">Foram escalados 4.466 policiais militares e 178 bombeiros militares durante toda a opera\u00e7\u00e3o para as a\u00e7\u00f5es realizadas de 5 a 7 de setembro.<\/span><\/p>\n<p class=\"p1\"><span class=\"s1\">Cerca de 1,6 mil ficar\u00e3o concentrados na regi\u00e3o central. O resto, distribu\u00eddo pelo DF.<br \/>\n<\/span><\/p>\n<blockquote>\n<p class=\"p1\"><span class=\"s1\">&#8220;Ainda teremos um contingente de sobreaviso, caso seja necess\u00e1rio aumentar o efetivo numa emerg\u00eancia&#8221;, acrescentou o comandante. <\/span><\/p>\n<\/blockquote>\n<p class=\"p1\"><span class=\"s1\"><b>Novos per\u00edmetros de seguran\u00e7a <\/b><\/span><\/p>\n<p class=\"p1\"><span class=\"s1\">O comando da PM informou que o diferencial no plano operacional para este ano foi ampliar os per\u00edmetros de seguran\u00e7a no DF. Ou seja, foram delimitadas 3 fronteiras no raio da regi\u00e3o central de Bras\u00edlia.<span class=\"Apple-converted-space\">\u00a0<\/span>Se o fluxo de ve\u00edculos e pessoas passando por elas apresentar algum risco de tumulto, barreiras de conten\u00e7\u00e3o ser\u00e3o instaladas para impedir a aproxima\u00e7\u00e3o da \u00e1rea central.<br \/>\n<\/span><\/p>\n<p class=\"p1\"><span class=\"s1\">A medida \u00e9 para evitar o que ocorreu no ano passado, quando manifestantes conseguiriam subir a parte interditada da Esplanada.<\/span><\/p>\n<p class=\"p1\"><span class=\"s1\">&#8220;Vamos preservar totalmente a Pra\u00e7a dos Tr\u00eas Poderes. Todos os pr\u00e9dios p\u00fablicos estar\u00e3o protegidos, como tamb\u00e9m vamos garantir a seguran\u00e7a para todas as fam\u00edlias que assistir\u00e3o ao desfile&#8221;, ressaltou o comandante.<\/span><\/p>\n<p>Est\u00e3o previstas 60 caravanas vindas de outras partes do pa\u00eds.<\/p>\n<p>A tradicional manifesta\u00e7\u00e3o Grito dos Exclu\u00eddos foi marcada para o dia 10 de setembro. O que ajudou a reduzir os riscos de confrontos com vi\u00e9s pol\u00edtico.<\/p>\n<p>O presidente Jair Bolsonaro depois do Desfile em Bras\u00edlia segue para o Rio de Janeiro, no in\u00edcio da tarde de quarta-feira.<\/p>\n","protected":false},"excerpt":{"rendered":"<p>Por Samanta Sallum\u00a0 A Secretaria de Seguran\u00e7a P\u00fablica do Distrito Federal (SSP\/DF) decidiu antecipar o fechamento ao acesso \u00e0 Esplanada dos Minist\u00e9rios de 23h para 21h de hoje (segunda-feira,5). Tem o objetivo de impedir a perman\u00eancia e fluxo de ve\u00edculos no local, para montagem das estruturas do desfile c\u00edvico e demais a\u00e7\u00f5es de seguran\u00e7a previstas. Um grupo de caminhoneiros que [&hellip;]<\/p>\n","protected":false},"author":125,"featured_media":9583,"comment_status":"open","ping_status":"open","sticky":false,"template":"","format":"standard","meta":{"footnotes":""},"categories":[6],"tags":[1453,1340,1455,1454,439,1452],"class_list":["post-9579","post","type-post","status-publish","format-standard","has-post-thumbnail","hentry","category-coluna-capital-s-a","tag-7desetembro","tag-desfile","tag-embaixadas","tag-pm","tag-seguranca","tag-transito"],"_links":{"self":[{"href":"https:\/\/blogs.correiobraziliense.com.br\/capital-sa\/wp-json\/wp\/v2\/posts\/9579","targetHints":{"allow":["GET"]}}],"collection":[{"href":"https:\/\/blogs.correiobraziliense.com.br\/capital-sa\/wp-json\/wp\/v2\/posts"}],"about":[{"href":"https:\/\/blogs.correiobraziliense.com.br\/capital-sa\/wp-json\/wp\/v2\/types\/post"}],"author":[{"embeddable":true,"href":"https:\/\/blogs.correiobraziliense.com.br\/capital-sa\/wp-json\/wp\/v2\/users\/125"}],"replies":[{"embeddable":true,"href":"https:\/\/blogs.correiobraziliense.com.br\/capital-sa\/wp-json\/wp\/v2\/comments?post=9579"}],"version-history":[{"count":18,"href":"https:\/\/blogs.correiobraziliense.com.br\/capital-sa\/wp-json\/wp\/v2\/posts\/9579\/revisions"}],"predecessor-version":[{"id":9599,"href":"https:\/\/blogs.correiobraziliense.com.br\/capital-sa\/wp-json\/wp\/v2\/posts\/9579\/revisions\/9599"}],"wp:featuredmedia":[{"embeddable":true,"href":"https:\/\/blogs.correiobraziliense.com.br\/capital-sa\/wp-json\/wp\/v2\/media\/9583"}],"wp:attachment":[{"href":"https:\/\/blogs.correiobraziliense.com.br\/capital-sa\/wp-json\/wp\/v2\/media?parent=9579"}],"wp:term":[{"taxonomy":"category","embeddable":true,"href":"https:\/\/blogs.correiobraziliense.com.br\/capital-sa\/wp-json\/wp\/v2\/categories?post=9579"},{"taxonomy":"post_tag","embeddable":true,"href":"https:\/\/blogs.correiobraziliense.com.br\/capital-sa\/wp-json\/wp\/v2\/tags?post=9579"}],"curies":[{"name":"wp","href":"https:\/\/api.w.org\/{rel}","templated":true}]}}