{"id":957,"date":"2020-12-09T13:03:38","date_gmt":"2020-12-09T16:03:38","guid":{"rendered":"https:\/\/blogs.correiobraziliense.com.br\/capital-sa\/?p=957"},"modified":"2020-12-09T13:00:10","modified_gmt":"2020-12-09T16:00:10","slug":"uma-horta-em-cada-porta","status":"publish","type":"post","link":"https:\/\/blogs.correiobraziliense.com.br\/capital-sa\/2020\/12\/09\/uma-horta-em-cada-porta\/","title":{"rendered":"Uma horta em cada porta"},"content":{"rendered":"<p>Um empreendedor de Bras\u00edlia transformou a paix\u00e3o pela terra em voluntariado e neg\u00f3cio de sucesso. Juarez Martins, 59 anos, criou a Horta Linda. A empresa mostra que cultivar alimentos em casa \u00e9 mais f\u00e1cil do que parece, al\u00e9m de atender tamb\u00e9m grandes institui\u00e7\u00f5es.<\/p>\n<p>Juarez chegou a Bras\u00edlia h\u00e1 quase 40 anos, vindo do interior de Goi\u00e1s. Entre suas mem\u00f3rias de inf\u00e2ncia, a horta cultivada pela m\u00e3e. Nunca esteve nos planos se dedicar a isso profissionalmente, apesar de ter forma\u00e7\u00e3o em gest\u00e3o ambiental. \u201cSou muito ligado \u00e0 terra, mas as minhas hortas eram para o consumo da minha fam\u00edlia\u201d, conta.<\/p>\n<h3>Pioneiro na produ\u00e7\u00e3o de h\u00famus<\/h3>\n<p>Para aperfei\u00e7oar suas t\u00e9cnicas de cultivo, ele procurou cursos no Sebrae no DF, na Embrapa e Emater. Na d\u00e9cada de 1990, foi aluno no pioneiro curso de produ\u00e7\u00e3o de h\u00famus de minhocas, organizado pelo Sebrae no sindicato rural.\u00a0E sua horta caseira chegou a ser destaque em programas de TV sobre agricultura.<\/p>\n<h3>Trabalho social<\/h3>\n<p><img loading=\"lazy\" decoding=\"async\" class=\"aligncenter size-medium wp-image-958\" src=\"https:\/\/blogs.correiobraziliense.com.br\/capital-sa\/wp-content\/uploads\/sites\/59\/2020\/12\/horta1-300x225.jpg\" alt=\"\" width=\"300\" height=\"225\" srcset=\"https:\/\/blogs.correiobraziliense.com.br\/capital-sa\/wp-content\/uploads\/sites\/59\/2020\/12\/horta1-300x225.jpg 300w, https:\/\/blogs.correiobraziliense.com.br\/capital-sa\/wp-content\/uploads\/sites\/59\/2020\/12\/horta1-768x576.jpg 768w, https:\/\/blogs.correiobraziliense.com.br\/capital-sa\/wp-content\/uploads\/sites\/59\/2020\/12\/horta1-800x600.jpg 800w, https:\/\/blogs.correiobraziliense.com.br\/capital-sa\/wp-content\/uploads\/sites\/59\/2020\/12\/horta1-550x413.jpg 550w, https:\/\/blogs.correiobraziliense.com.br\/capital-sa\/wp-content\/uploads\/sites\/59\/2020\/12\/horta1-230x173.jpg 230w, https:\/\/blogs.correiobraziliense.com.br\/capital-sa\/wp-content\/uploads\/sites\/59\/2020\/12\/horta1.jpg 960w\" sizes=\"auto, (max-width: 300px) 100vw, 300px\" \/><\/p>\n<p>Da dedica\u00e7\u00e3o pela terra, surgiu o projeto de voluntariado socioambiental Uma Horta em cada Porta, que ajuda comunidades e pessoas em situa\u00e7\u00e3o de vulnerabilidade, incluindo creches e asilos, a fazer hortas produtivas e terap\u00eauticas. O projeto j\u00e1 passou por Ceil\u00e2ndia, Parano\u00e1, Cidade Estrutural e outras cidades do Entorno do DF.<\/p>\n<h3>Consultorias<\/h3>\n<p>Quando se aposentou, em 2018, a paix\u00e3o pela terra virou ideia de neg\u00f3cio. Surgiu a Horta Linda, empresa que hoje vende kits completos para cria\u00e7\u00e3o de hortas, fornece consultorias, oficinas e at\u00e9 participa de eventos, mostrando que cultivar alimentos em casa n\u00e3o tem mist\u00e9rio.<\/p>\n<h3>Crescimento org\u00e2nico<\/h3>\n<p><img loading=\"lazy\" decoding=\"async\" class=\"aligncenter size-medium wp-image-960\" src=\"https:\/\/blogs.correiobraziliense.com.br\/capital-sa\/wp-content\/uploads\/sites\/59\/2020\/12\/horta-3-300x300.jpg\" alt=\"\" width=\"300\" height=\"300\" srcset=\"https:\/\/blogs.correiobraziliense.com.br\/capital-sa\/wp-content\/uploads\/sites\/59\/2020\/12\/horta-3-300x300.jpg 300w, https:\/\/blogs.correiobraziliense.com.br\/capital-sa\/wp-content\/uploads\/sites\/59\/2020\/12\/horta-3-150x150.jpg 150w, https:\/\/blogs.correiobraziliense.com.br\/capital-sa\/wp-content\/uploads\/sites\/59\/2020\/12\/horta-3-768x768.jpg 768w, https:\/\/blogs.correiobraziliense.com.br\/capital-sa\/wp-content\/uploads\/sites\/59\/2020\/12\/horta-3-800x800.jpg 800w, https:\/\/blogs.correiobraziliense.com.br\/capital-sa\/wp-content\/uploads\/sites\/59\/2020\/12\/horta-3-550x550.jpg 550w, https:\/\/blogs.correiobraziliense.com.br\/capital-sa\/wp-content\/uploads\/sites\/59\/2020\/12\/horta-3-230x230.jpg 230w, https:\/\/blogs.correiobraziliense.com.br\/capital-sa\/wp-content\/uploads\/sites\/59\/2020\/12\/horta-3.jpg 960w\" sizes=\"auto, (max-width: 300px) 100vw, 300px\" \/><\/p>\n<p>A empresa se firmou no mercado e tem conquistado cada vez mais espa\u00e7o. O resultado do esfor\u00e7o \u00e9 um empreendimento sustent\u00e1vel e que cresce de maneira org\u00e2nica, assim como suas plantas.<\/p>\n<blockquote><p>\u201cO que eu fazia de modo amador agora \u00e9 feito de forma mais organizada e assertiva, isso trouxe cliente.\u201d<\/p><\/blockquote>\n<p>Instagram: <strong>@hortalindabsb<\/strong><\/p>\n","protected":false},"excerpt":{"rendered":"<p>Um empreendedor de Bras\u00edlia transformou a paix\u00e3o pela terra em voluntariado e neg\u00f3cio de sucesso. Juarez Martins, 59 anos, criou a Horta Linda. A empresa mostra que cultivar alimentos em casa \u00e9 mais f\u00e1cil do que parece, al\u00e9m de atender tamb\u00e9m grandes institui\u00e7\u00f5es. Juarez chegou a Bras\u00edlia h\u00e1 quase 40 anos, vindo do interior de Goi\u00e1s. Entre suas mem\u00f3rias de [&hellip;]<\/p>\n","protected":false},"author":125,"featured_media":959,"comment_status":"open","ping_status":"open","sticky":false,"template":"","format":"standard","meta":{"footnotes":""},"categories":[1],"tags":[262,267,266,264,265,191,268,263,2],"class_list":["post-957","post","type-post","status-publish","format-standard","has-post-thumbnail","hentry","category-sem-categoria","tag-horta","tag-hortalinda","tag-juarezmartins","tag-organico","tag-projeto","tag-sebraedf","tag-umahortaemcadaporta","tag-voluntariado","tag-empreendedorismo"],"_links":{"self":[{"href":"https:\/\/blogs.correiobraziliense.com.br\/capital-sa\/wp-json\/wp\/v2\/posts\/957","targetHints":{"allow":["GET"]}}],"collection":[{"href":"https:\/\/blogs.correiobraziliense.com.br\/capital-sa\/wp-json\/wp\/v2\/posts"}],"about":[{"href":"https:\/\/blogs.correiobraziliense.com.br\/capital-sa\/wp-json\/wp\/v2\/types\/post"}],"author":[{"embeddable":true,"href":"https:\/\/blogs.correiobraziliense.com.br\/capital-sa\/wp-json\/wp\/v2\/users\/125"}],"replies":[{"embeddable":true,"href":"https:\/\/blogs.correiobraziliense.com.br\/capital-sa\/wp-json\/wp\/v2\/comments?post=957"}],"version-history":[{"count":3,"href":"https:\/\/blogs.correiobraziliense.com.br\/capital-sa\/wp-json\/wp\/v2\/posts\/957\/revisions"}],"predecessor-version":[{"id":967,"href":"https:\/\/blogs.correiobraziliense.com.br\/capital-sa\/wp-json\/wp\/v2\/posts\/957\/revisions\/967"}],"wp:featuredmedia":[{"embeddable":true,"href":"https:\/\/blogs.correiobraziliense.com.br\/capital-sa\/wp-json\/wp\/v2\/media\/959"}],"wp:attachment":[{"href":"https:\/\/blogs.correiobraziliense.com.br\/capital-sa\/wp-json\/wp\/v2\/media?parent=957"}],"wp:term":[{"taxonomy":"category","embeddable":true,"href":"https:\/\/blogs.correiobraziliense.com.br\/capital-sa\/wp-json\/wp\/v2\/categories?post=957"},{"taxonomy":"post_tag","embeddable":true,"href":"https:\/\/blogs.correiobraziliense.com.br\/capital-sa\/wp-json\/wp\/v2\/tags?post=957"}],"curies":[{"name":"wp","href":"https:\/\/api.w.org\/{rel}","templated":true}]}}