{"id":9564,"date":"2022-09-05T09:20:37","date_gmt":"2022-09-05T12:20:37","guid":{"rendered":"https:\/\/blogs.correiobraziliense.com.br\/capital-sa\/?p=9564"},"modified":"2022-09-05T13:20:17","modified_gmt":"2022-09-05T16:20:17","slug":"desagravo-a-empresarios-alvos-de-acao-do-supremo","status":"publish","type":"post","link":"https:\/\/blogs.correiobraziliense.com.br\/capital-sa\/2022\/09\/05\/desagravo-a-empresarios-alvos-de-acao-do-supremo\/","title":{"rendered":"Desagravo a empres\u00e1rios alvos de a\u00e7\u00e3o do Supremo"},"content":{"rendered":"<p class=\"p1\"><b>Por Samanta Sallum\u00a0<\/b><\/p>\n<p class=\"p1\"><span class=\"s1\">Ainda repercute muito no meio empresarial<span class=\"Apple-converted-space\">\u00a0<\/span>a opera\u00e7\u00e3o da Pol\u00edcia Federal, a mando do Supremo, em cima de empres\u00e1rios por causa de mensagens de WhatsApp. Entidades representativas do setor continuam se manifestando.<br \/>\n<\/span><\/p>\n<p>&#8220;O STF, num ativismo judicial sem precedentes na hist\u00f3ria judici\u00e1ria brasileira, invade compet\u00eancias e jurisdi\u00e7\u00f5es. Criminaliza conversas que apenas revelam opini\u00f5es, que apenas revelam o exerc\u00edcio constitucionalmente garantido a qualquer cidad\u00e3o de emitir a sua opini\u00e3o. O nosso sindicado, em desagravo aos Empres\u00e1rios investigados, afirma nossa solidariedade, em especial aos do Coco Bambu, associados da nossa entidade&#8221;, destaca nota oficial assinada pelo presidente do Sindhobar DF, Jael Silva.<\/p>\n<p>Cerca de 100 entidades no pa\u00eds tamb\u00e9m se manifestaram no mesmo sentido, entre elas a Confedera\u00e7\u00e3o Nacional dos Dirigentes Lojistas (CNDL) e a Abrasel nacional.<\/p>\n","protected":false},"excerpt":{"rendered":"<p>Por Samanta Sallum\u00a0 Ainda repercute muito no meio empresarial\u00a0a opera\u00e7\u00e3o da Pol\u00edcia Federal, a mando do Supremo, em cima de empres\u00e1rios por causa de mensagens de WhatsApp. Entidades representativas do setor continuam se manifestando. &#8220;O STF, num ativismo judicial sem precedentes na hist\u00f3ria judici\u00e1ria brasileira, invade compet\u00eancias e jurisdi\u00e7\u00f5es. Criminaliza conversas que apenas revelam opini\u00f5es, que apenas revelam o exerc\u00edcio [&hellip;]<\/p>\n","protected":false},"author":125,"featured_media":0,"comment_status":"open","ping_status":"open","sticky":false,"template":"","format":"standard","meta":{"footnotes":""},"categories":[1],"tags":[712,1050,395,161,1444,879,1445,358],"class_list":["post-9564","post","type-post","status-publish","format-standard","hentry","category-sem-categoria","tag-abrasel","tag-cndl","tag-cocobambu","tag-empresarios","tag-mensagens","tag-policiafederal","tag-supremo","tag-whatsapp"],"_links":{"self":[{"href":"https:\/\/blogs.correiobraziliense.com.br\/capital-sa\/wp-json\/wp\/v2\/posts\/9564","targetHints":{"allow":["GET"]}}],"collection":[{"href":"https:\/\/blogs.correiobraziliense.com.br\/capital-sa\/wp-json\/wp\/v2\/posts"}],"about":[{"href":"https:\/\/blogs.correiobraziliense.com.br\/capital-sa\/wp-json\/wp\/v2\/types\/post"}],"author":[{"embeddable":true,"href":"https:\/\/blogs.correiobraziliense.com.br\/capital-sa\/wp-json\/wp\/v2\/users\/125"}],"replies":[{"embeddable":true,"href":"https:\/\/blogs.correiobraziliense.com.br\/capital-sa\/wp-json\/wp\/v2\/comments?post=9564"}],"version-history":[{"count":5,"href":"https:\/\/blogs.correiobraziliense.com.br\/capital-sa\/wp-json\/wp\/v2\/posts\/9564\/revisions"}],"predecessor-version":[{"id":9574,"href":"https:\/\/blogs.correiobraziliense.com.br\/capital-sa\/wp-json\/wp\/v2\/posts\/9564\/revisions\/9574"}],"wp:attachment":[{"href":"https:\/\/blogs.correiobraziliense.com.br\/capital-sa\/wp-json\/wp\/v2\/media?parent=9564"}],"wp:term":[{"taxonomy":"category","embeddable":true,"href":"https:\/\/blogs.correiobraziliense.com.br\/capital-sa\/wp-json\/wp\/v2\/categories?post=9564"},{"taxonomy":"post_tag","embeddable":true,"href":"https:\/\/blogs.correiobraziliense.com.br\/capital-sa\/wp-json\/wp\/v2\/tags?post=9564"}],"curies":[{"name":"wp","href":"https:\/\/api.w.org\/{rel}","templated":true}]}}