{"id":9556,"date":"2022-09-05T09:40:16","date_gmt":"2022-09-05T12:40:16","guid":{"rendered":"https:\/\/blogs.correiobraziliense.com.br\/capital-sa\/?p=9556"},"modified":"2022-09-05T13:55:39","modified_gmt":"2022-09-05T16:55:39","slug":"propostas-de-campanha-para-micro-e-pequenas-empresas","status":"publish","type":"post","link":"https:\/\/blogs.correiobraziliense.com.br\/capital-sa\/2022\/09\/05\/propostas-de-campanha-para-micro-e-pequenas-empresas\/","title":{"rendered":"Propostas de campanha para micro e pequenas empresas"},"content":{"rendered":"<p class=\"p1\"><span class=\"s1\"><b>Por Samanta Sallum <\/b><\/span><\/p>\n<p>Um cen\u00e1rio bem complicado se desenha para o in\u00edcio do ano que vem podendo devastar milhares de pequenas empresas: o estrangulamento financeiro por grandes d\u00edvidas acumuladas com o aumento dos juros atrelados \u00e0 Selic nos \u00faltimos meses. A inadimpl\u00eancia do setor vem aumentando progressivamente.<\/p>\n<p class=\"p1\"><span class=\"s1\">A chapa Lula-Alckmin promete criar o Minist\u00e9rio das Micro e Pequenas Empresas. A campanha dedicou um grupo de trabalho s\u00f3 para pensar medidas de apoio ao setor.<\/span><\/p>\n<p class=\"p1\"><span class=\"s1\">O programa prev\u00ea uma a\u00e7\u00e3o de socorro financeiro com fundo p\u00fablico para reduzir a alta inadimpl\u00eancia; e tamb\u00e9m formas de renegocia\u00e7\u00e3o. Os bancos p\u00fablicos, como BNDES e Caixa, ter\u00e3o uma atua\u00e7\u00e3o especial para o segmento, com mais acesso ao cr\u00e9dito.<br \/>\n<\/span><\/p>\n<p class=\"p1\"><span class=\"s1\">Uma forte campanha de valoriza\u00e7\u00e3o de compras em pequenos neg\u00f3cios e o governo como grande cliente deles tamb\u00e9m est\u00e3o nos planos da chapa Lula-Alckmin. <\/span><\/p>\n<p class=\"p1\"><span class=\"s1\"><b>Altera\u00e7\u00e3o do artigo 179<\/b><\/span><\/p>\n<p class=\"p1\"><span class=\"s1\">Incluir no artigo 179 da Constitui\u00e7\u00e3o Federal o tratamento diferenciado para as micro e pequenas empresas em quest\u00f5es trabalhistas faz parte da pol\u00edtica p\u00fablica pensada para o setor. Mas com a participa\u00e7\u00e3o direta de empregados, empregadores e governo.<\/span><\/p>\n<p class=\"p1\"><span class=\"s1\">Em resumo, o conceito \u00e9 que n\u00e3o pode recair sobre os pequenos neg\u00f3cios o mesmo peso das regras definidas para os grandes. As duas cabe\u00e7as respons\u00e1veis pelo programa de governo s\u00e3o Luiz Barretto Filho (PT), ex-presidente do Sebrae nacional; e Valdir Oliveira, do PSB, e do Sebrae DF.<\/span><\/p>\n<p><b>Novo pacto federativo\u00a0<\/b><\/p>\n<p class=\"p1\"><span class=\"s1\">Eles defendem a constru\u00e7\u00e3o do novo pacto federativo para as micro e pequenas empresas no intuito de minimizar os impactos de regimes tribut\u00e1rios especiais que possam tirar o tratamento diferenciado da micro e pequena empresa. Por exemplo, como substitui\u00e7\u00e3o tribut\u00e1ria &#8211; ST e diferencial de al\u00edquota &#8211; DIFAL.<\/span><\/p>\n<p class=\"p1\"><span class=\"s1\">O objetivo tamb\u00e9m \u00e9 unificar o limite de isen\u00e7\u00e3o do Simples Nacional (hoje em R$ 4,8 milh\u00f5es). E simplificar as\u00a0<\/span><span class=\"s1\">regras de licenciamento de empresas no \u00e2mbito de estados e munic\u00edpios.<\/span><\/p>\n<p>&nbsp;<\/p>\n","protected":false},"excerpt":{"rendered":"<p>Por Samanta Sallum Um cen\u00e1rio bem complicado se desenha para o in\u00edcio do ano que vem podendo devastar milhares de pequenas empresas: o estrangulamento financeiro por grandes d\u00edvidas acumuladas com o aumento dos juros atrelados \u00e0 Selic nos \u00faltimos meses. A inadimpl\u00eancia do setor vem aumentando progressivamente. A chapa Lula-Alckmin promete criar o Minist\u00e9rio das Micro e Pequenas Empresas. A [&hellip;]<\/p>\n","protected":false},"author":125,"featured_media":9560,"comment_status":"open","ping_status":"open","sticky":false,"template":"","format":"standard","meta":{"footnotes":""},"categories":[6],"tags":[365,1379,1447,1446,1448,643],"class_list":["post-9556","post","type-post","status-publish","format-standard","has-post-thumbnail","hentry","category-coluna-capital-s-a","tag-empresas","tag-inadimplencia","tag-lula_alckmin","tag-microepequenasempresas","tag-pactofederativo","tag-propostas"],"_links":{"self":[{"href":"https:\/\/blogs.correiobraziliense.com.br\/capital-sa\/wp-json\/wp\/v2\/posts\/9556","targetHints":{"allow":["GET"]}}],"collection":[{"href":"https:\/\/blogs.correiobraziliense.com.br\/capital-sa\/wp-json\/wp\/v2\/posts"}],"about":[{"href":"https:\/\/blogs.correiobraziliense.com.br\/capital-sa\/wp-json\/wp\/v2\/types\/post"}],"author":[{"embeddable":true,"href":"https:\/\/blogs.correiobraziliense.com.br\/capital-sa\/wp-json\/wp\/v2\/users\/125"}],"replies":[{"embeddable":true,"href":"https:\/\/blogs.correiobraziliense.com.br\/capital-sa\/wp-json\/wp\/v2\/comments?post=9556"}],"version-history":[{"count":7,"href":"https:\/\/blogs.correiobraziliense.com.br\/capital-sa\/wp-json\/wp\/v2\/posts\/9556\/revisions"}],"predecessor-version":[{"id":9576,"href":"https:\/\/blogs.correiobraziliense.com.br\/capital-sa\/wp-json\/wp\/v2\/posts\/9556\/revisions\/9576"}],"wp:featuredmedia":[{"embeddable":true,"href":"https:\/\/blogs.correiobraziliense.com.br\/capital-sa\/wp-json\/wp\/v2\/media\/9560"}],"wp:attachment":[{"href":"https:\/\/blogs.correiobraziliense.com.br\/capital-sa\/wp-json\/wp\/v2\/media?parent=9556"}],"wp:term":[{"taxonomy":"category","embeddable":true,"href":"https:\/\/blogs.correiobraziliense.com.br\/capital-sa\/wp-json\/wp\/v2\/categories?post=9556"},{"taxonomy":"post_tag","embeddable":true,"href":"https:\/\/blogs.correiobraziliense.com.br\/capital-sa\/wp-json\/wp\/v2\/tags?post=9556"}],"curies":[{"name":"wp","href":"https:\/\/api.w.org\/{rel}","templated":true}]}}