{"id":9545,"date":"2022-09-05T02:16:26","date_gmt":"2022-09-05T05:16:26","guid":{"rendered":"https:\/\/blogs.correiobraziliense.com.br\/capital-sa\/?p=9545"},"modified":"2022-09-05T13:17:53","modified_gmt":"2022-09-05T16:17:53","slug":"ca-inaugura-usina-solar-na-capital-federal","status":"publish","type":"post","link":"https:\/\/blogs.correiobraziliense.com.br\/capital-sa\/2022\/09\/05\/ca-inaugura-usina-solar-na-capital-federal\/","title":{"rendered":"C&amp;A inaugura usina solar na capital federal"},"content":{"rendered":"<p class=\"s8\">A C&amp;A Brasil iniciou a\u00a0<span class=\"s11\"><span class=\"bumpedFont15\">opera\u00e7\u00e3o da sua nova usina solar, que fica no Distrito Federal. Foi constru\u00edda <\/span><\/span><span class=\"s11\"><span class=\"bumpedFont15\">em parceria com a Faro Energy, na\u00a0<\/span><\/span><span class=\"s11\"><span class=\"bumpedFont15\">regi\u00e3o administrativa de <\/span><\/span><span class=\"s11\"><span class=\"bumpedFont15\">Brazl\u00e2ndia. Ela\u00a0<\/span><\/span><span class=\"s11\"><span class=\"bumpedFont15\">abastecer\u00e1 as lojas da empresa na capital federal, inicialmente, por 10 anos.<\/span><\/span><\/p>\n<p class=\"s8\"><span class=\"s11\"><span class=\"bumpedFont15\">Anualmente, a C&amp;A Brasil evitar\u00e1 a emiss\u00e3o de <\/span><\/span><span class=\"s11\"><span class=\"bumpedFont15\">380\u00a0<\/span><\/span><span class=\"s11\"><span class=\"bumpedFont15\">toneladas de CO<\/span><\/span><span class=\"s12\"><span class=\"bumpedFont15\">2<\/span><\/span><span class=\"s11\"><span class=\"bumpedFont15\">, montante equivalente ao plantio de <\/span><\/span><span class=\"s11\"><span class=\"bumpedFont15\">2 mil<\/span><\/span> <span class=\"s11\"><span class=\"bumpedFont15\">\u00e1rvores ou menos <\/span><\/span><span class=\"s13\"><span class=\"bumpedFont15\">90 <\/span><\/span><span class=\"s13\"><span class=\"bumpedFont15\">ve\u00edculos<\/span><\/span><span class=\"s11\"><span class=\"bumpedFont15\">, <\/span><\/span><span class=\"s13\"><span class=\"bumpedFont15\">com m\u00e9dia de 12 mil km rodados cada, circulando pelas estradas brasileiras.<\/span><\/span><\/p>\n<p class=\"s14\"><span class=\"s11\"><span class=\"bumpedFont15\">A usina conta com sistema de reaproveitamento da \u00e1gua de chuva e <\/span><\/span><span class=\"s11\"><span class=\"bumpedFont15\">com <\/span><\/span><span class=\"s13\"><span class=\"bumpedFont15\">1.232<\/span><\/span><span class=\"s13\"><span class=\"bumpedFont15\"> m\u00f3dulos fotovoltaicos. Ter\u00e1 a\u00a0<\/span><\/span><span class=\"s11\"><span class=\"bumpedFont15\">capacidade de gerar\u00a0<\/span><\/span><span class=\"s11\"><span class=\"bumpedFont15\">energia<\/span><\/span> <span class=\"s11\"><span class=\"bumpedFont15\">suficiente <\/span><\/span><span class=\"s11\"><span class=\"bumpedFont15\">para abastecer o equivalente a <\/span><\/span><span class=\"s11\"><span class=\"bumpedFont15\">600 <\/span><\/span><span class=\"s11\"><span class=\"bumpedFont15\">resid\u00eancias<\/span><\/span><span class=\"s11\"><span class=\"bumpedFont15\"> no mesmo per\u00edodo<\/span><\/span>.<\/p>\n<p class=\"s14\"><span class=\"s11\"><span class=\"bumpedFont15\">\u201c<\/span><\/span><span class=\"s11\"><span class=\"bumpedFont15\">Neste semestre<\/span><\/span><span class=\"s11\"><span class=\"bumpedFont15\">, <\/span><\/span><span class=\"s11\"><span class=\"bumpedFont15\">vamos inaugurar, tamb\u00e9m,<\/span><\/span><span class=\"s11\"><span class=\"bumpedFont15\"> mais <\/span><\/span><span class=\"s11\"><span class=\"bumpedFont15\">duas <\/span><\/span><span class=\"s11\"><span class=\"bumpedFont15\">usina<\/span><\/span><span class=\"s11\"><span class=\"bumpedFont15\">s<\/span><\/span><span class=\"s11\"><span class=\"bumpedFont15\"> solar<\/span><\/span><span class=\"s11\"><span class=\"bumpedFont15\">es\u00a0<\/span><\/span><span class=\"s11\"><span class=\"bumpedFont15\">no estado do Rio de Janeiro. Com <\/span><\/span><span class=\"s11\"><span class=\"bumpedFont15\">as tr\u00eas<\/span><\/span><span class=\"s11\"><span class=\"bumpedFont15\">\u00a0em opera\u00e7\u00e3o<\/span><\/span><span class=\"s11\"><span class=\"bumpedFont15\">, estimamos uma economia potencial de <\/span><\/span><span class=\"s13\"><span class=\"bumpedFont15\">R$ <\/span><\/span><span class=\"s13\"><span class=\"bumpedFont15\">32 <\/span><\/span><span class=\"s13\"><span class=\"bumpedFont15\">milh\u00f5es at\u00e9 o final do contrato. Al\u00e9m\u00a0<\/span><\/span><span class=\"s11\"><span class=\"bumpedFont15\">dos ganhos socioambientais, como a redu\u00e7\u00e3o das emiss\u00f5es dos gases de efeito estufa e a gera\u00e7\u00e3o de empregos que a constru\u00e7\u00e3o demandou, afirma <\/span><\/span><span class=\"s13\"><span class=\"bumpedFont15\">Ciro Neto, diretor de Desenvolvimento e Expans\u00e3o da C&amp;A Brasil.<\/span><\/span><\/p>\n<p><img loading=\"lazy\" decoding=\"async\" class=\"aligncenter size-medium wp-image-9552\" src=\"https:\/\/blogs.correiobraziliense.com.br\/capital-sa\/wp-content\/uploads\/sites\/59\/2022\/09\/5C84918F-EAA4-4158-BF59-68C031411A04-202x300.jpeg\" alt=\"\" width=\"202\" height=\"300\" srcset=\"https:\/\/blogs.correiobraziliense.com.br\/capital-sa\/wp-content\/uploads\/sites\/59\/2022\/09\/5C84918F-EAA4-4158-BF59-68C031411A04-202x300.jpeg 202w, https:\/\/blogs.correiobraziliense.com.br\/capital-sa\/wp-content\/uploads\/sites\/59\/2022\/09\/5C84918F-EAA4-4158-BF59-68C031411A04-550x816.jpeg 550w, https:\/\/blogs.correiobraziliense.com.br\/capital-sa\/wp-content\/uploads\/sites\/59\/2022\/09\/5C84918F-EAA4-4158-BF59-68C031411A04-230x341.jpeg 230w, https:\/\/blogs.correiobraziliense.com.br\/capital-sa\/wp-content\/uploads\/sites\/59\/2022\/09\/5C84918F-EAA4-4158-BF59-68C031411A04.jpeg 623w\" sizes=\"auto, (max-width: 202px) 100vw, 202px\" \/><\/p>\n","protected":false},"excerpt":{"rendered":"<p>A C&amp;A Brasil iniciou a\u00a0opera\u00e7\u00e3o da sua nova usina solar, que fica no Distrito Federal. Foi constru\u00edda em parceria com a Faro Energy, na\u00a0regi\u00e3o administrativa de Brazl\u00e2ndia. Ela\u00a0abastecer\u00e1 as lojas da empresa na capital federal, inicialmente, por 10 anos. Anualmente, a C&amp;A Brasil evitar\u00e1 a emiss\u00e3o de 380\u00a0toneladas de CO2, montante equivalente ao plantio de 2 mil \u00e1rvores ou menos [&hellip;]<\/p>\n","protected":false},"author":125,"featured_media":9554,"comment_status":"open","ping_status":"open","sticky":false,"template":"","format":"standard","meta":{"footnotes":""},"categories":[6],"tags":[1441,332,276,1199,1443,1442],"class_list":["post-9545","post","type-post","status-publish","format-standard","has-post-thumbnail","hentry","category-coluna-capital-s-a","tag-ca","tag-df","tag-economia","tag-meioambiente","tag-responsabilidadesocioambiental","tag-usinafotovoltaica"],"_links":{"self":[{"href":"https:\/\/blogs.correiobraziliense.com.br\/capital-sa\/wp-json\/wp\/v2\/posts\/9545","targetHints":{"allow":["GET"]}}],"collection":[{"href":"https:\/\/blogs.correiobraziliense.com.br\/capital-sa\/wp-json\/wp\/v2\/posts"}],"about":[{"href":"https:\/\/blogs.correiobraziliense.com.br\/capital-sa\/wp-json\/wp\/v2\/types\/post"}],"author":[{"embeddable":true,"href":"https:\/\/blogs.correiobraziliense.com.br\/capital-sa\/wp-json\/wp\/v2\/users\/125"}],"replies":[{"embeddable":true,"href":"https:\/\/blogs.correiobraziliense.com.br\/capital-sa\/wp-json\/wp\/v2\/comments?post=9545"}],"version-history":[{"count":10,"href":"https:\/\/blogs.correiobraziliense.com.br\/capital-sa\/wp-json\/wp\/v2\/posts\/9545\/revisions"}],"predecessor-version":[{"id":9572,"href":"https:\/\/blogs.correiobraziliense.com.br\/capital-sa\/wp-json\/wp\/v2\/posts\/9545\/revisions\/9572"}],"wp:featuredmedia":[{"embeddable":true,"href":"https:\/\/blogs.correiobraziliense.com.br\/capital-sa\/wp-json\/wp\/v2\/media\/9554"}],"wp:attachment":[{"href":"https:\/\/blogs.correiobraziliense.com.br\/capital-sa\/wp-json\/wp\/v2\/media?parent=9545"}],"wp:term":[{"taxonomy":"category","embeddable":true,"href":"https:\/\/blogs.correiobraziliense.com.br\/capital-sa\/wp-json\/wp\/v2\/categories?post=9545"},{"taxonomy":"post_tag","embeddable":true,"href":"https:\/\/blogs.correiobraziliense.com.br\/capital-sa\/wp-json\/wp\/v2\/tags?post=9545"}],"curies":[{"name":"wp","href":"https:\/\/api.w.org\/{rel}","templated":true}]}}