{"id":9531,"date":"2022-09-02T16:35:47","date_gmt":"2022-09-02T19:35:47","guid":{"rendered":"https:\/\/blogs.correiobraziliense.com.br\/capital-sa\/?p=9531"},"modified":"2022-09-05T13:12:33","modified_gmt":"2022-09-05T16:12:33","slug":"avanca-no-congresso-projeto-que-aumenta-teto-para-o-simples-nacional","status":"publish","type":"post","link":"https:\/\/blogs.correiobraziliense.com.br\/capital-sa\/2022\/09\/02\/avanca-no-congresso-projeto-que-aumenta-teto-para-o-simples-nacional\/","title":{"rendered":"Avan\u00e7a no Congresso projeto que aumenta teto para o Simples Nacional"},"content":{"rendered":"<p class=\"p1\"><b>Por Samanta Sallum<\/b><\/p>\n<p class=\"p1\"><span class=\"s1\">Foi bastante comemorada, nesta semana, pelo segmento das pequenas empresas, a aprova\u00e7\u00e3o pela CCJ da C\u00e2mara dos Deputados do PLP 108\/21. Ele aumenta o teto de enquadramento do Simples Nacional e do Microempreendedor Individual (MEI). Os novos valores levam em conta a infla\u00e7\u00e3o oficial (IPCA) acumulada desde dezembro de 2006 at\u00e9 mar\u00e7o de 2022. <\/span><\/p>\n<p class=\"p1\"><span class=\"s1\">A proposta tamb\u00e9m permite a contrata\u00e7\u00e3o de at\u00e9 dois empregados pelo MEI. Hoje, est\u00e1 limitado a apenas um.\u00a0<\/span>O projeto \u00e9 do Senado e altera o Estatuto da Micro e Pequena Empresa. Agora deve seguir para o plen\u00e1rio da C\u00e2mara.<\/p>\n<p class=\"p1\">De acordo com o texto aprovado, os limites de faturamento anual passam a ser os seguintes:<\/p>\n<p class=\"p1\"><span class=\"s1\">&#8211; <strong>para o MEI, passa dos atuais R$ 81 mil para R$ 144.913,41;<\/strong><\/span><\/p>\n<p class=\"p1\"><strong><span class=\"s1\">&#8211; para microempresa, salta de R$ 360 mil para R$ 869.480,43; e<\/span><\/strong><\/p>\n<p class=\"p1\"><strong><span class=\"s1\">&#8211; para empresa de pequeno porte, sobe de R$ 4,8 milh\u00f5es para R$ 8.694.804,31.<\/span><\/strong><\/p>\n<p class=\"p1\"><span class=\"s1\">Os novos valores dever\u00e3o vigorar a partir de 2023 e ser\u00e3o atualizados anualmente pela infla\u00e7\u00e3o. A proposta vai contribuir para o enquadramento de empresas no Simples.<\/span><\/p>\n<p class=\"p1\"><span class=\"s1\">Existem 13 milh\u00f5es de MEIs no BrasiL. E\u00a0<\/span><span class=\"s1\">30% do PIB v\u00eam dos pequenos neg\u00f3cios.<\/span><\/p>\n<p class=\"p1\"><span class=\"s1\"><b>Enquanto isso no DF&#8230;<\/b><\/span><\/p>\n<p class=\"p1\"><span class=\"s1\">O teto refer\u00eancia para a Secretaria de Economia no Distrito Federal est\u00e1 defasado desde 2018.<span class=\"Apple-converted-space\">\u00a0 <\/span>Ainda vale como teto para as empresas de pequena porte o faturamento anual de R$ 3,6 milh\u00f5es. Pelo tabela do governo federal vigente, \u00e9 de R$ 4,8 milh\u00f5es.<\/span><\/p>\n<p>Os impostos federais t\u00eam a isen\u00e7\u00e3o prevista na lei. Mas os estaduais e municipais dependem dos entes federados aprovarem leis locais para seguirem os novos tetos.<\/p>\n<p class=\"p1\"><span class=\"s1\"><b>Lucro presumido <\/b><\/span><\/p>\n<p class=\"p1\"><span class=\"s1\">Agora, a expectativa \u00e9 em rela\u00e7\u00e3o a outro projeto no Congresso: o que altera o limite do lucro presumido. A \u00faltima revis\u00e3o foi em 2014.<\/span><\/p>\n","protected":false},"excerpt":{"rendered":"<p>Por Samanta Sallum Foi bastante comemorada, nesta semana, pelo segmento das pequenas empresas, a aprova\u00e7\u00e3o pela CCJ da C\u00e2mara dos Deputados do PLP 108\/21. Ele aumenta o teto de enquadramento do Simples Nacional e do Microempreendedor Individual (MEI). Os novos valores levam em conta a infla\u00e7\u00e3o oficial (IPCA) acumulada desde dezembro de 2006 at\u00e9 mar\u00e7o de 2022. A proposta tamb\u00e9m [&hellip;]<\/p>\n","protected":false},"author":125,"featured_media":9539,"comment_status":"open","ping_status":"open","sticky":false,"template":"","format":"standard","meta":{"footnotes":""},"categories":[6],"tags":[1291,871,1163,65],"class_list":["post-9531","post","type-post","status-publish","format-standard","has-post-thumbnail","hentry","category-coluna-capital-s-a","tag-faturamento","tag-simplesnacional","tag-teto","tag-mei"],"_links":{"self":[{"href":"https:\/\/blogs.correiobraziliense.com.br\/capital-sa\/wp-json\/wp\/v2\/posts\/9531","targetHints":{"allow":["GET"]}}],"collection":[{"href":"https:\/\/blogs.correiobraziliense.com.br\/capital-sa\/wp-json\/wp\/v2\/posts"}],"about":[{"href":"https:\/\/blogs.correiobraziliense.com.br\/capital-sa\/wp-json\/wp\/v2\/types\/post"}],"author":[{"embeddable":true,"href":"https:\/\/blogs.correiobraziliense.com.br\/capital-sa\/wp-json\/wp\/v2\/users\/125"}],"replies":[{"embeddable":true,"href":"https:\/\/blogs.correiobraziliense.com.br\/capital-sa\/wp-json\/wp\/v2\/comments?post=9531"}],"version-history":[{"count":9,"href":"https:\/\/blogs.correiobraziliense.com.br\/capital-sa\/wp-json\/wp\/v2\/posts\/9531\/revisions"}],"predecessor-version":[{"id":9570,"href":"https:\/\/blogs.correiobraziliense.com.br\/capital-sa\/wp-json\/wp\/v2\/posts\/9531\/revisions\/9570"}],"wp:featuredmedia":[{"embeddable":true,"href":"https:\/\/blogs.correiobraziliense.com.br\/capital-sa\/wp-json\/wp\/v2\/media\/9539"}],"wp:attachment":[{"href":"https:\/\/blogs.correiobraziliense.com.br\/capital-sa\/wp-json\/wp\/v2\/media?parent=9531"}],"wp:term":[{"taxonomy":"category","embeddable":true,"href":"https:\/\/blogs.correiobraziliense.com.br\/capital-sa\/wp-json\/wp\/v2\/categories?post=9531"},{"taxonomy":"post_tag","embeddable":true,"href":"https:\/\/blogs.correiobraziliense.com.br\/capital-sa\/wp-json\/wp\/v2\/tags?post=9531"}],"curies":[{"name":"wp","href":"https:\/\/api.w.org\/{rel}","templated":true}]}}