{"id":951,"date":"2020-12-08T21:03:28","date_gmt":"2020-12-09T00:03:28","guid":{"rendered":"https:\/\/blogs.correiobraziliense.com.br\/capital-sa\/?p=951"},"modified":"2020-12-09T00:08:42","modified_gmt":"2020-12-09T03:08:42","slug":"empresarios-se-mobilizam-no-combate-ao-coronavirus","status":"publish","type":"post","link":"https:\/\/blogs.correiobraziliense.com.br\/capital-sa\/2020\/12\/08\/empresarios-se-mobilizam-no-combate-ao-coronavirus\/","title":{"rendered":"Empres\u00e1rios se mobilizam no combate ao coronav\u00edrus"},"content":{"rendered":"<p><span class=\"s1\">Fecom\u00e9rcio e Fibra no Distrito Federal lan\u00e7aram hoje o selo Estabelecimento Respons\u00e1vel. A partir de agora, os que cumprirem todas as medidas de preven\u00e7\u00e3o e higieniza\u00e7\u00e3o referentes ao coronav\u00edrus receber\u00e3o o certificado. <\/span><\/p>\n<p class=\"p1\"><span class=\"s1\">O objetivo \u00e9 informar ao consumidor os locais prontos para funcionar com seguran\u00e7a. A campanha tem o apoio de v\u00e1rios empres\u00e1rios e sindicatos.<\/span><\/p>\n<p class=\"p1\"><span class=\"s1\"> O presidente da Fecom\u00e9rcio-DF, Francisco Maia <em>(foto)<\/em>, e outros l\u00edderes do setor produtivo se reuniram por videoconfer\u00eancia com o vice-governador Paco Britto e anunciaram a novidade. <\/span><\/p>\n<h3 class=\"p1\"><span class=\"s1\">Preocupa\u00e7\u00e3o com decreto <\/span><\/h3>\n<p class=\"p1\"><span class=\"s1\">O decreto do GDF que estabeleceu um novo hor\u00e1rio de funcionamento para bares e restaurantes completou uma semana nesta ter\u00e7a-feira (8) e foi motivo de preocupa\u00e7\u00e3o para diversas entidades e empresas do setor produtivo.<\/span><\/p>\n<h3 class=\"p1\"><span class=\"s1\">Apoio do GDF<\/span><\/h3>\n<p class=\"p1\"><span class=\"s1\">O vice-governador Paco Britto disse que a iniciativa tem apoio do Governo de Bras\u00edlia e pediu respeito ao selo.<\/span><\/p>\n<p class=\"p1\"><span class=\"s1\"> \u201cEu gostaria de parabenizar essa iniciativa da Fecom\u00e9rcio e de todos os empres\u00e1rios. N\u00e3o ser\u00e1 por maus empres\u00e1rios que os outros v\u00e3o pagar. \u00c9 uma conscientiza\u00e7\u00e3o de todos. Vamos dar as m\u00e3os para o com\u00e9rcio permanecer aberto de forma segura e que isso ajude a economia\u201d, disse Paco Britto.<\/span><\/p>\n<h3 class=\"p1\"><span class=\"s1\">Compromisso com a sa\u00fade <\/span><\/h3>\n<p class=\"p1\"><span class=\"s1\">O selo ser\u00e1 mais uma medida adotada pelo com\u00e9rcio para proteger clientes e lojistas, al\u00e9m de mostrar que os empres\u00e1rios da cidade est\u00e3o cumprindo o seu papel. <\/span><\/p>\n<p class=\"p1\"><span class=\"s1\">&#8220;Temos muito receio de que esse problema possa se agravar e n\u00e3o queremos receber a not\u00edcia de que o com\u00e9rcio vai fechar. Estamos mostrando \u00e0 popula\u00e7\u00e3o e ao governo nosso compromisso com a sa\u00fade de todos.&#8221;<\/span><\/p>\n<p class=\"p1\"><span class=\"s1\">O secret\u00e1rio de Desenvolvimento Econ\u00f4mico do DF, Jos\u00e9 Eduardo, tamb\u00e9m participou da videoconfer\u00eancia e destacou que a Fecom\u00e9rcio tem buscado &#8220;medidas respons\u00e1veis e conscientes&#8221;.<\/span><\/p>\n<h3 class=\"p1\"><span class=\"s1\">Apoio do setor produtivo<\/span><\/h3>\n<p class=\"p1\"><span class=\"s1\">V\u00e1rias entidades manifestaram apoio \u00e0 campanha. <\/span><\/p>\n<p class=\"p1\"><span class=\"s1\">\u201cN\u00f3s n\u00e3o somos os vil\u00f5es nessa hist\u00f3ria de contamina\u00e7\u00e3o. E essa iniciativa pode ajudar a mostrar isso&#8221;, disse Jael Ant\u00f4nio, presidente do Sindhobar. <\/span><\/p>\n<p class=\"p1\"><span class=\"s1\"> O presidente do Sindicato do Com\u00e9rcio Varejista do Distrito Federal (Sindivarejista-DF), Edson de Castro, lembrou que medidas de conscientiza\u00e7\u00e3o ao lojista j\u00e1 est\u00e3o sendo feitas pelo sindicato e que o selo chancela os bons empres\u00e1rios. \u201cO selo separa o bom do mau lojista\u201d, afirmou.<\/span><\/p>\n<p><img loading=\"lazy\" decoding=\"async\" class=\"aligncenter size-medium wp-image-971\" src=\"https:\/\/blogs.correiobraziliense.com.br\/capital-sa\/wp-content\/uploads\/sites\/59\/2020\/12\/Ec-300x266.jpg\" alt=\"\" width=\"300\" height=\"266\" srcset=\"https:\/\/blogs.correiobraziliense.com.br\/capital-sa\/wp-content\/uploads\/sites\/59\/2020\/12\/Ec-300x266.jpg 300w, https:\/\/blogs.correiobraziliense.com.br\/capital-sa\/wp-content\/uploads\/sites\/59\/2020\/12\/Ec-230x204.jpg 230w, https:\/\/blogs.correiobraziliense.com.br\/capital-sa\/wp-content\/uploads\/sites\/59\/2020\/12\/Ec.jpg 418w\" sizes=\"auto, (max-width: 300px) 100vw, 300px\" \/><\/p>\n<p>&nbsp;<\/p>\n<h3 class=\"p1\"><span class=\"s1\">Consultoria do Sebrae <\/span><\/h3>\n<p class=\"p1\"><span class=\"s1\">O superintendente do Sebrae-DF, Valdir Oliveira, destacou que a entidade concedeu mais de 120 mil horas de consultoria para micro e pequenos empreendedores como forma de ajud\u00e1-los neste momento. <\/span><\/p>\n<p class=\"p1\"><span class=\"s1\">Para ele, o selo \u00e9 mais uma importante a\u00e7\u00e3o no combate \u00e0 prolifera\u00e7\u00e3o do v\u00edrus. \u201cParabenizo a Fecom\u00e9rcio-DF pelo Selo Estabelecimento.&#8221;<\/span><\/p>\n<p><img loading=\"lazy\" decoding=\"async\" class=\"aligncenter size-medium wp-image-972\" src=\"https:\/\/blogs.correiobraziliense.com.br\/capital-sa\/wp-content\/uploads\/sites\/59\/2020\/12\/V-300x277.jpg\" alt=\"\" width=\"300\" height=\"277\" srcset=\"https:\/\/blogs.correiobraziliense.com.br\/capital-sa\/wp-content\/uploads\/sites\/59\/2020\/12\/V-300x277.jpg 300w, https:\/\/blogs.correiobraziliense.com.br\/capital-sa\/wp-content\/uploads\/sites\/59\/2020\/12\/V-550x509.jpg 550w, https:\/\/blogs.correiobraziliense.com.br\/capital-sa\/wp-content\/uploads\/sites\/59\/2020\/12\/V-230x213.jpg 230w, https:\/\/blogs.correiobraziliense.com.br\/capital-sa\/wp-content\/uploads\/sites\/59\/2020\/12\/V.jpg 584w\" sizes=\"auto, (max-width: 300px) 100vw, 300px\" \/><\/p>\n<p class=\"p1\"><span class=\"s1\">&#8220;Esse v\u00edrus n\u00e3o escolhe idade nem cor, nada. Precisamos nos prevenir, e a Federa\u00e7\u00e3o poder\u00e1 contar conosco&#8221;, disse Valdir. <\/span><\/p>\n<p>&nbsp;<\/p>\n<h3 class=\"p1\"><span class=\"s1\">Seguran\u00e7a ao cliente <\/span><\/h3>\n<p class=\"p1\"><span class=\"s1\">O empres\u00e1rio Paulo Oct\u00e1vio disse que a iniciativa vem em um importante momento.<\/span><\/p>\n<p><img loading=\"lazy\" decoding=\"async\" class=\"aligncenter size-medium wp-image-973\" src=\"https:\/\/blogs.correiobraziliense.com.br\/capital-sa\/wp-content\/uploads\/sites\/59\/2020\/12\/Po-288x300.jpg\" alt=\"\" width=\"288\" height=\"300\" srcset=\"https:\/\/blogs.correiobraziliense.com.br\/capital-sa\/wp-content\/uploads\/sites\/59\/2020\/12\/Po-288x300.jpg 288w, https:\/\/blogs.correiobraziliense.com.br\/capital-sa\/wp-content\/uploads\/sites\/59\/2020\/12\/Po-230x240.jpg 230w, https:\/\/blogs.correiobraziliense.com.br\/capital-sa\/wp-content\/uploads\/sites\/59\/2020\/12\/Po.jpg 448w\" sizes=\"auto, (max-width: 288px) 100vw, 288px\" \/><\/p>\n<p class=\"p1\"><span class=\"s1\"> \u201cFico feliz com a participa\u00e7\u00e3o ativa da Fecom\u00e9rcio entendendo este momento \u00fanico. \u00c9 a primeira guerra mundial que a nossa gera\u00e7\u00e3o participa. Importante o trabalho, intermediando as a\u00e7\u00f5es com o governo. Essa campanha do selo vem em boa hora. Dando apoio ao lojista, garantimos a seguran\u00e7a a quem mais interessa: o cliente&#8221;, pontuou Paulo Oct\u00e1vio.<\/span><\/p>\n","protected":false},"excerpt":{"rendered":"<p>Fecom\u00e9rcio e Fibra no Distrito Federal lan\u00e7aram hoje o selo Estabelecimento Respons\u00e1vel. A partir de agora, os que cumprirem todas as medidas de preven\u00e7\u00e3o e higieniza\u00e7\u00e3o referentes ao coronav\u00edrus receber\u00e3o o certificado. O objetivo \u00e9 informar ao consumidor os locais prontos para funcionar com seguran\u00e7a. A campanha tem o apoio de v\u00e1rios empres\u00e1rios e sindicatos. O presidente da Fecom\u00e9rcio-DF, Francisco [&hellip;]<\/p>\n","protected":false},"author":125,"featured_media":954,"comment_status":"open","ping_status":"open","sticky":false,"template":"","format":"standard","meta":{"footnotes":""},"categories":[1],"tags":[201,159,279,280,191,260,206,10,5],"class_list":["post-951","post","type-post","status-publish","format-standard","has-post-thumbnail","hentry","category-sem-categoria","tag-covid19","tag-fecomerciodf","tag-lojistas","tag-saude","tag-sebraedf","tag-selo","tag-sindhobar","tag-comercio","tag-pandemia"],"_links":{"self":[{"href":"https:\/\/blogs.correiobraziliense.com.br\/capital-sa\/wp-json\/wp\/v2\/posts\/951","targetHints":{"allow":["GET"]}}],"collection":[{"href":"https:\/\/blogs.correiobraziliense.com.br\/capital-sa\/wp-json\/wp\/v2\/posts"}],"about":[{"href":"https:\/\/blogs.correiobraziliense.com.br\/capital-sa\/wp-json\/wp\/v2\/types\/post"}],"author":[{"embeddable":true,"href":"https:\/\/blogs.correiobraziliense.com.br\/capital-sa\/wp-json\/wp\/v2\/users\/125"}],"replies":[{"embeddable":true,"href":"https:\/\/blogs.correiobraziliense.com.br\/capital-sa\/wp-json\/wp\/v2\/comments?post=951"}],"version-history":[{"count":7,"href":"https:\/\/blogs.correiobraziliense.com.br\/capital-sa\/wp-json\/wp\/v2\/posts\/951\/revisions"}],"predecessor-version":[{"id":976,"href":"https:\/\/blogs.correiobraziliense.com.br\/capital-sa\/wp-json\/wp\/v2\/posts\/951\/revisions\/976"}],"wp:featuredmedia":[{"embeddable":true,"href":"https:\/\/blogs.correiobraziliense.com.br\/capital-sa\/wp-json\/wp\/v2\/media\/954"}],"wp:attachment":[{"href":"https:\/\/blogs.correiobraziliense.com.br\/capital-sa\/wp-json\/wp\/v2\/media?parent=951"}],"wp:term":[{"taxonomy":"category","embeddable":true,"href":"https:\/\/blogs.correiobraziliense.com.br\/capital-sa\/wp-json\/wp\/v2\/categories?post=951"},{"taxonomy":"post_tag","embeddable":true,"href":"https:\/\/blogs.correiobraziliense.com.br\/capital-sa\/wp-json\/wp\/v2\/tags?post=951"}],"curies":[{"name":"wp","href":"https:\/\/api.w.org\/{rel}","templated":true}]}}